{"id":22474,"date":"2018-08-10T08:51:25","date_gmt":"2018-08-10T06:51:25","guid":{"rendered":"http:\/\/sw-osterfeine.de\/?p=22474"},"modified":"2018-08-10T08:51:25","modified_gmt":"2018-08-10T06:51:25","slug":"vorwort-sw-aktuell-4","status":"publish","type":"post","link":"https:\/\/sw-osterfeine.de\/?p=22474","title":{"rendered":"Vorwort SW-Aktuell"},"content":{"rendered":"<p>Liebe Leser von Schwarz-Wei\u00df Aktuell,<\/p>\n<p>der Sportverein SW Osterfeine hei\u00dft alle G\u00e4ste zum 1. Heimspielsonntag der Spielserie 2018\/2019 herzlich willkommen.<\/p>\n<p>Dabei feiert nicht nur unsere I-Herrenmannschaft Saisonpremiere, sondern es kommt gleichzeitig zum Heimshowdown unserer II.- und III-Herrenmannschaft.<\/p>\n<p>Durch den Tausch des Heimrechtes aufgrund des C-Jugendturnieres in Lohne er\u00f6ffnen unsere I-Herren gegen den letztj\u00e4hrigen Vizemeister der Bezirksliga die neue Serie in Osterfeine mit einem Heimspiel.<\/p>\n<p>Mit BW Lohne II kommt einer der gro\u00dfen Titelfavoriten nach Osterfeine und wird unsere Mannschaft vor eine fast unl\u00f6sbare Aufgabe stellen. Die Totalaufstockung der I-Herren von BW Lohne hat nat\u00fcrlich dazu gef\u00fchrt, dass auch die Qualit\u00e4t der BW-Reserve \u00fcberdimensional mitgewachsen ist. Umso interessanter d\u00fcrfte daher der Vergleich heute sein, wie sich unsere Mannschaft mit dem bekannten Weg der eigenen Kr\u00e4fte schl\u00e4gt. Die Mannschaft w\u00fcrde sich \u00fcber eine kr\u00e4ftige Unterst\u00fctzung sicherlich freuen.<\/p>\n<p>Das 1. Saisonheimspiel als neuer Kreisligist beginnt f\u00fcr unsere II-Herren um 13.15 Uhr gegen RW Visbek. Mit dem Lastminutesieg in Rechterfeld sollte unsere Mannschaft etwas Mut f\u00fcr die Partie gegen den gro\u00dfen Favoriten RW Visbek gesammelt haben. Also liebe OSV-Fans, kommt heute schon um 13.15 Uhr an den Kl\u00fcnenberg und schaut Euch die Kreisligapartie unserer II-Mannschaft an.<\/p>\n<p>Ebenso um 13.15 Uhr spielt auch unsere Dritte in Osterfeine gegen BW Lohne IV um Punkte in der 2. Kreisklasse. Trotz der Auftaktniederlage gegen Dinklage III wird unsere Dritte einen neuen Anlauf auf den ersten Punktgewinn in der neuen Klasse nehmen.<\/p>\n<p>Sportliche Gr\u00fc\u00dfe<\/p>\n<p>Bubble<\/p>\n<p><strong>\u00a0<\/strong><\/p>\n","protected":false},"excerpt":{"rendered":"<p>Liebe Leser von Schwarz-Wei\u00df Aktuell, der Sportverein SW Osterfeine hei\u00dft alle G\u00e4ste zum 1. Heimspielsonntag der Spielserie 2018\/2019 herzlich willkommen. Dabei feiert nicht nur unsere I-Herrenmannschaft Saisonpremiere, sondern es kommt gleichzeitig zum Heimshowdown unserer II.- und III-Herrenmannschaft. Durch den Tausch des Heimrechtes aufgrund des C-Jugendturnieres in Lohne er\u00f6ffnen unsere I-Herren gegen den letztj\u00e4hrigen Vizemeister der [&hellip;]<\/p>\n","protected":false},"author":3,"featured_media":0,"comment_status":"closed","ping_status":"closed","sticky":false,"template":"","format":"standard","meta":{"footnotes":""},"categories":[37],"tags":[],"_links":{"self":[{"href":"https:\/\/sw-osterfeine.de\/index.php?rest_route=\/wp\/v2\/posts\/22474"}],"collection":[{"href":"https:\/\/sw-osterfeine.de\/index.php?rest_route=\/wp\/v2\/posts"}],"about":[{"href":"https:\/\/sw-osterfeine.de\/index.php?rest_route=\/wp\/v2\/types\/post"}],"author":[{"embeddable":true,"href":"https:\/\/sw-osterfeine.de\/index.php?rest_route=\/wp\/v2\/users\/3"}],"replies":[{"embeddable":true,"href":"https:\/\/sw-osterfeine.de\/index.php?rest_route=%2Fwp%2Fv2%2Fcomments&post=22474"}],"version-history":[{"count":1,"href":"https:\/\/sw-osterfeine.de\/index.php?rest_route=\/wp\/v2\/posts\/22474\/revisions"}],"predecessor-version":[{"id":22475,"href":"https:\/\/sw-osterfeine.de\/index.php?rest_route=\/wp\/v2\/posts\/22474\/revisions\/22475"}],"wp:attachment":[{"href":"https:\/\/sw-osterfeine.de\/index.php?rest_route=%2Fwp%2Fv2%2Fmedia&parent=22474"}],"wp:term":[{"taxonomy":"category","embeddable":true,"href":"https:\/\/sw-osterfeine.de\/index.php?rest_route=%2Fwp%2Fv2%2Fcategories&post=22474"},{"taxonomy":"post_tag","embeddable":true,"href":"https:\/\/sw-osterfeine.de\/index.php?rest_route=%2Fwp%2Fv2%2Ftags&post=22474"}],"curies":[{"name":"wp","href":"https:\/\/api.w.org\/{rel}","templated":true}]}}