{"id":22489,"date":"2018-08-14T10:26:04","date_gmt":"2018-08-14T08:26:04","guid":{"rendered":"http:\/\/sw-osterfeine.de\/?p=22489"},"modified":"2018-08-16T08:04:51","modified_gmt":"2018-08-16T06:04:51","slug":"i-damenmannschaft-in-vorbereitung-auf-die-neue-saison","status":"publish","type":"post","link":"https:\/\/sw-osterfeine.de\/?p=22489","title":{"rendered":"I. Damenmannschaft in Vorbereitung auf die neue Saison"},"content":{"rendered":"<p>Bereits seit dem 11. Juni befinden sich die Handballerinnen der I. Damenmannschaft in der Vorbereitung auf die Saison 2018\/2019. Da uns die anstehende Saison einerseits alles abverlangen wird, andererseits das Team nochmals verj\u00fcngt wurde, mussten wir in der diesj\u00e4hrigen Vorbereitung einige Dinge anders angehen als im Vorjahr.<\/p>\n<p>Dankenswerterweise haben sich Dawid und Tine erneut bereit erkl\u00e4rt, im Rahmen der l\u00e4uferischen Vorbereitung das Team unter ihre Fittiche zu nehmen \u2013 eine Ma\u00dfnahme, die im vergangenen Jahr hervorragend funktioniert hat. Neben dem Lauftraining am Mittwoch haben wir in dieser Vorbereitung montags Spinning (mit Maria) ins Programm genommen. Die Kraftelemente und die handballspezifische Ausdauer haben wir dann donnerstags in der Sporthalle absolviert. So konnten unsere Spielerinnen die Ausdauergrundlagen erwerben, die wir in der Landesliga noch mehr ben\u00f6tigen als in der Landesklasse. An dieser Stelle nochmals ein ganz dickes \u201eDankesch\u00f6n\u201c an Dawid und Tine sowie an Maria!!!<\/p>\n<p>Das erste Drittel der Vorbereitung war gepr\u00e4gt durch die Ferien- und Urlaubszeit, sodass teilweise nur die H\u00e4lfte des Kaders anwesend sein konnte. Mittlerweile haben wir aber alle Damen an Bord.<\/p>\n<p>Momentan befinden wir uns in der letzten Phase der Vorbereitung. Diese steht ganz und gar unter dem Stichwort \u201espielerische F\u00e4higkeiten verbessern\u201c. Insbesondere der Abgang von Karin Bremer und die Langzeitverletzung von Annika Kruthaup zwingen uns hier speziell im R\u00fcckraum zum Handeln. Hier werden wir von jetzt an bis zur letzten Trainingseinheit vor Saisonbeginn noch viel Arbeit zu bewerkstelligen haben \u2013 erste Fortschritte machen sich aber schon bemerkbar. Das liegt nicht zuletzt an den beiden \u201eNeuzug\u00e4ngen\u201c aus den eigenen Reihen. Mit Laura Behrens und Julia Lampe (mit Doppelspielrecht f\u00fcr die A-Jugend) sind zwei R\u00fcckraumspielerinnen zum Kader hinzugesto\u00dfen, die mit viel Zug zum Tor arbeiten und variabel einsetzbar sind. Ihre Entwicklung macht uns Mut f\u00fcr die anstehenden Aufgaben.<\/p>\n<p>Ebenfalls neu hinzugekommen ist Torh\u00fcterin Emma Scheper, die in der letzten Saison noch das Trikot der Dinklager A-Jugend trug und die einen \u201eTapetenwechsel\u201c gesucht hat. Aufgrund der Babypause von Franzi Renzenbrink kam der Wechsel von Emma zu den Schwarz-Wei\u00dfen zum richtigen Zeitpunkt.<\/p>\n<p>Bis zum ersten Punktspiel (am Freitag, 07.09.2018 in eigener Halle gegen SV Holdorf) bleiben uns noch vier Wochen, die wir intensiv nutzen m\u00fcssen. Die am Sonntag, 26.08. (ganztags in Osterfeine) stattfindende 1. Runde im HVN-Pokal nehmen wir als Trainingseinheit mit \u2013 nicht mehr, aber auch nicht weniger. Der Pokal ist bei den Handballern, anders als bei Fu\u00dfballern, ein ungeliebtes Kind. Gleichwohl sind wir alle \u201ezwangsverpflichtet\u201c und m\u00fcssen nun das Beste daraus machen. Neben uns werden Brandlecht-Hestrup, BV Garrel II (beide Landesklasse) und der TV Dinklage (Oberliga Nordsee) an den Start gehen. Mal sehen, wer in die n\u00e4chste Runde \u201emuss\u201c.<\/p>\n<p>Wer Lust hat, darf am Pokalwochenende gerne mal in die Sporthalle kommen. Sportlich wichtiger ist aber der Termin am 07.09.2018 gegen die Damen des SV Holdorf. Wir w\u00fcrden uns freuen, m\u00f6glichst viele Fans in die Halle zu bekommen, um mit Eurer Unterst\u00fctzung einen guten Start in die neue Spielzeit hinzubekommen!!!<\/p>\n<p>Also \u2013 wir sehen uns in der Halle!<\/p>\n","protected":false},"excerpt":{"rendered":"<p>Bereits seit dem 11. Juni befinden sich die Handballerinnen der I. Damenmannschaft in der Vorbereitung auf die Saison 2018\/2019. Da uns die anstehende Saison einerseits alles abverlangen wird, andererseits das Team nochmals verj\u00fcngt wurde, mussten wir in der diesj\u00e4hrigen Vorbereitung einige Dinge anders angehen als im Vorjahr. Dankenswerterweise haben sich Dawid und Tine erneut bereit [&hellip;]<\/p>\n","protected":false},"author":3,"featured_media":0,"comment_status":"closed","ping_status":"closed","sticky":false,"template":"","format":"standard","meta":{"footnotes":""},"categories":[1],"tags":[],"_links":{"self":[{"href":"https:\/\/sw-osterfeine.de\/index.php?rest_route=\/wp\/v2\/posts\/22489"}],"collection":[{"href":"https:\/\/sw-osterfeine.de\/index.php?rest_route=\/wp\/v2\/posts"}],"about":[{"href":"https:\/\/sw-osterfeine.de\/index.php?rest_route=\/wp\/v2\/types\/post"}],"author":[{"embeddable":true,"href":"https:\/\/sw-osterfeine.de\/index.php?rest_route=\/wp\/v2\/users\/3"}],"replies":[{"embeddable":true,"href":"https:\/\/sw-osterfeine.de\/index.php?rest_route=%2Fwp%2Fv2%2Fcomments&post=22489"}],"version-history":[{"count":2,"href":"https:\/\/sw-osterfeine.de\/index.php?rest_route=\/wp\/v2\/posts\/22489\/revisions"}],"predecessor-version":[{"id":22531,"href":"https:\/\/sw-osterfeine.de\/index.php?rest_route=\/wp\/v2\/posts\/22489\/revisions\/22531"}],"wp:attachment":[{"href":"https:\/\/sw-osterfeine.de\/index.php?rest_route=%2Fwp%2Fv2%2Fmedia&parent=22489"}],"wp:term":[{"taxonomy":"category","embeddable":true,"href":"https:\/\/sw-osterfeine.de\/index.php?rest_route=%2Fwp%2Fv2%2Fcategories&post=22489"},{"taxonomy":"post_tag","embeddable":true,"href":"https:\/\/sw-osterfeine.de\/index.php?rest_route=%2Fwp%2Fv2%2Ftags&post=22489"}],"curies":[{"name":"wp","href":"https:\/\/api.w.org\/{rel}","templated":true}]}}