{"id":22646,"date":"2018-08-28T09:25:23","date_gmt":"2018-08-28T07:25:23","guid":{"rendered":"https:\/\/sw-osterfeine.de\/?p=22646"},"modified":"2018-08-28T09:25:23","modified_gmt":"2018-08-28T07:25:23","slug":"3-pokalrunde","status":"publish","type":"post","link":"https:\/\/sw-osterfeine.de\/?p=22646","title":{"rendered":"3. Pokalrunde"},"content":{"rendered":"<p>In der dritten Runde des Pokals spielen wir morgen am 29.08.2018 \u00a0um 20:15Uhr zuhause gegen den TSV Wallenhorst. Die Partie gegen den Landesligisten wird sicherlich sehr spannend und wir freuen uns auf die Unterst\u00fctzung zahlreicher Zuschauer.<\/p>\n<p>Der Kiosk und der Imbiss sind ge\u00f6ffnet und es ist f\u00fcr reichlich Verpflegung gesorgt.<\/p>\n<p>Wir sehen uns.<\/p>\n","protected":false},"excerpt":{"rendered":"<p>In der dritten Runde des Pokals spielen wir morgen am 29.08.2018 \u00a0um 20:15Uhr zuhause gegen den TSV Wallenhorst. Die Partie gegen den Landesligisten wird sicherlich sehr spannend und wir freuen uns auf die Unterst\u00fctzung zahlreicher Zuschauer. Der Kiosk und der Imbiss sind ge\u00f6ffnet und es ist f\u00fcr reichlich Verpflegung gesorgt. Wir sehen uns.<\/p>\n","protected":false},"author":3,"featured_media":0,"comment_status":"closed","ping_status":"closed","sticky":false,"template":"","format":"standard","meta":{"footnotes":""},"categories":[3],"tags":[],"_links":{"self":[{"href":"https:\/\/sw-osterfeine.de\/index.php?rest_route=\/wp\/v2\/posts\/22646"}],"collection":[{"href":"https:\/\/sw-osterfeine.de\/index.php?rest_route=\/wp\/v2\/posts"}],"about":[{"href":"https:\/\/sw-osterfeine.de\/index.php?rest_route=\/wp\/v2\/types\/post"}],"author":[{"embeddable":true,"href":"https:\/\/sw-osterfeine.de\/index.php?rest_route=\/wp\/v2\/users\/3"}],"replies":[{"embeddable":true,"href":"https:\/\/sw-osterfeine.de\/index.php?rest_route=%2Fwp%2Fv2%2Fcomments&post=22646"}],"version-history":[{"count":2,"href":"https:\/\/sw-osterfeine.de\/index.php?rest_route=\/wp\/v2\/posts\/22646\/revisions"}],"predecessor-version":[{"id":22648,"href":"https:\/\/sw-osterfeine.de\/index.php?rest_route=\/wp\/v2\/posts\/22646\/revisions\/22648"}],"wp:attachment":[{"href":"https:\/\/sw-osterfeine.de\/index.php?rest_route=%2Fwp%2Fv2%2Fmedia&parent=22646"}],"wp:term":[{"taxonomy":"category","embeddable":true,"href":"https:\/\/sw-osterfeine.de\/index.php?rest_route=%2Fwp%2Fv2%2Fcategories&post=22646"},{"taxonomy":"post_tag","embeddable":true,"href":"https:\/\/sw-osterfeine.de\/index.php?rest_route=%2Fwp%2Fv2%2Ftags&post=22646"}],"curies":[{"name":"wp","href":"https:\/\/api.w.org\/{rel}","templated":true}]}}