{"id":22689,"date":"2018-09-04T17:55:57","date_gmt":"2018-09-04T15:55:57","guid":{"rendered":"https:\/\/sw-osterfeine.de\/?p=22689"},"modified":"2018-09-04T17:55:57","modified_gmt":"2018-09-04T15:55:57","slug":"c-jugend-i-lemfoerde-osterfeine-am-sonntag-den-02-09-2018","status":"publish","type":"post","link":"https:\/\/sw-osterfeine.de\/?p=22689","title":{"rendered":"C-Jugend I\t Lemf\u00f6rde-Osterfeine am Sonntag, den 02.09.2018"},"content":{"rendered":"<p><strong><u>Krimi pur \u00a0Teil II\u2013 <\/u><\/strong><strong><u>der Grund daf\u00fcr, dass Mannschaftssport einfach nur Spa\u00df macht !!!<\/u><\/strong><\/p>\n<p>Am Sonntagmittag, Abfahrt 12:00 Uhr ging es zum Spiel nach Lemf\u00f6rde. Ich als Trainerin hatte noch m\u00fcde Beine vom Tanzen auf der Hochzeit von unserem ehemaligen 1. Herrenspieler Andre L\u00fcdeke-Dalinghaus und seiner Frau Christina, aber ich musste ja nicht laufen, sondern die M\u00e4dels.Es war das erste Spiel der Saison. Die gesamte Mannschaft ist dieses Jahr in die C-Jugend aufgestiegen und wird noch verst\u00e4rkt durch Dalin Rathke und Mia Schomaker. Das Spiel fing sehr langsam und schleppend an. Vielleicht war die Pause in den Sommerferien auch zu lang gewesen. Auf jeden Fall waren unsere M\u00e4dchen noch nicht hellwach, so dass wir die ganze 1. Halbzeit uns mit den Tore werfen abwechselten.<\/p>\n<p>Zur Halbzeit stand es dann 10:9 f\u00fcr Lemf\u00f6rde.<\/p>\n<p>In der Pause wurde dann noch bisschen gepuscht, aber irgendwie hat das \u00fcberhaupt nichts gebracht. Anfang der 2. Halbzeit h\u00e4uften sich Fangfehler, schlechte P\u00e4sse und mangelndes Abwehrverhalten. Es schien, als w\u00fcrde dieses Spiel in einer Katastrophe enden. In der 35. Minute (wir spielen 2 x 25 Minuten) lagen wir mit 5 Toren (19:14)\u00a0 zur\u00fcck. Da Lemf\u00f6rde die Woche zuvor 39:19 gegen RW Damme gewonnen hatte, dachte ich bei mir. Wir sind dieser Mannschaft auch nicht gewachsen.<!--more--><\/p>\n<p>Aber irgendetwas legte den Hebel um. Neele Pieper, die ein super Spiel abgeliefert hat und am Kreis von der harten Abwehr der Lemf\u00f6rder einiges einstecken musste, fing mit dem Tore werfen an. Inga Bley warf anschlie\u00dfend in 2 \u00bd Minuten 3 ihrer 5 Tore. Da hatte Lemf\u00f6rde wohl total gepennt. In der 48. Minuten fiel durch Greta Kalus der F\u00fchrungstreffer zum 21:22. Auf der Bank wurde gejubelt und die mitgereisten Zuschauer riefen \u201elangsam spielen\u201c. Ich nein, nicht langsam, weiter so schnell spielen. Und durch diese langsame Spielweise verdaddelten meine M\u00e4dels den Ball und Lemf\u00f6rde glich zum 22:22 in der 49. Minute aus.Wir hatten noch 29 Sekunden zu spielen und Lemf\u00f6rde hatte den Ball. Durch eine super Abwehrleistung, schnappte sich Greta Kalus den Ball und verwandelte ihren Tempogegensto\u00df 4 Sekunden vor Schluss sicher ins gegnerische Tor. Alle Spielerinnen liefen aufs Spielfeld, umarmten sich und freuten sich \u00fcber diesen nicht mehr geglaubten Sieg.<\/p>\n<p>Es freute mich auch sehr, dass fast alle Spielerinnen sich in die Torliste eintragen durften:<\/p>\n<p><u>Tore:<\/u> Greta Kalus 7, Inga Bley 5, Pieper Neele 4, Kampers Marie 3, Nina Drellmann, Ida Koldehoff, K\u00fcmper Sophie und Mia Schomaker jeweils 1<\/p>\n<p>Sportliche Gr\u00fc\u00dfe: Kerstin Lampe<\/p>\n<p>&nbsp;<\/p>\n","protected":false},"excerpt":{"rendered":"<p>Krimi pur \u00a0Teil II\u2013 der Grund daf\u00fcr, dass Mannschaftssport einfach nur Spa\u00df macht !!! Am Sonntagmittag, Abfahrt 12:00 Uhr ging es zum Spiel nach Lemf\u00f6rde. Ich als Trainerin hatte noch m\u00fcde Beine vom Tanzen auf der Hochzeit von unserem ehemaligen 1. Herrenspieler Andre L\u00fcdeke-Dalinghaus und seiner Frau Christina, aber ich musste ja nicht laufen, sondern [&hellip;]<\/p>\n","protected":false},"author":3,"featured_media":0,"comment_status":"closed","ping_status":"closed","sticky":false,"template":"","format":"standard","meta":{"footnotes":""},"categories":[1],"tags":[],"_links":{"self":[{"href":"https:\/\/sw-osterfeine.de\/index.php?rest_route=\/wp\/v2\/posts\/22689"}],"collection":[{"href":"https:\/\/sw-osterfeine.de\/index.php?rest_route=\/wp\/v2\/posts"}],"about":[{"href":"https:\/\/sw-osterfeine.de\/index.php?rest_route=\/wp\/v2\/types\/post"}],"author":[{"embeddable":true,"href":"https:\/\/sw-osterfeine.de\/index.php?rest_route=\/wp\/v2\/users\/3"}],"replies":[{"embeddable":true,"href":"https:\/\/sw-osterfeine.de\/index.php?rest_route=%2Fwp%2Fv2%2Fcomments&post=22689"}],"version-history":[{"count":2,"href":"https:\/\/sw-osterfeine.de\/index.php?rest_route=\/wp\/v2\/posts\/22689\/revisions"}],"predecessor-version":[{"id":22691,"href":"https:\/\/sw-osterfeine.de\/index.php?rest_route=\/wp\/v2\/posts\/22689\/revisions\/22691"}],"wp:attachment":[{"href":"https:\/\/sw-osterfeine.de\/index.php?rest_route=%2Fwp%2Fv2%2Fmedia&parent=22689"}],"wp:term":[{"taxonomy":"category","embeddable":true,"href":"https:\/\/sw-osterfeine.de\/index.php?rest_route=%2Fwp%2Fv2%2Fcategories&post=22689"},{"taxonomy":"post_tag","embeddable":true,"href":"https:\/\/sw-osterfeine.de\/index.php?rest_route=%2Fwp%2Fv2%2Ftags&post=22689"}],"curies":[{"name":"wp","href":"https:\/\/api.w.org\/{rel}","templated":true}]}}