{"id":22737,"date":"2018-09-19T16:45:07","date_gmt":"2018-09-19T14:45:07","guid":{"rendered":"https:\/\/sw-osterfeine.de\/?p=22737"},"modified":"2018-09-19T16:45:07","modified_gmt":"2018-09-19T14:45:07","slug":"klare-ergebnisse-bei-der-dritten-und-vierten","status":"publish","type":"post","link":"https:\/\/sw-osterfeine.de\/?p=22737","title":{"rendered":"Klare Ergebnisse bei der Dritten und Vierten"},"content":{"rendered":"<p>0:6 und 5:0 lauteten am Wochenende die Ergebnisse unserer Dritten und Vierten. Die 0:6 Heimniederlage steckte dabei unsere Vierte gegen den Tabellenf\u00fchrer Lutten III ein, doch trotz des klaren Ergebnisses zeigte unsere Vierte ein ordentliches Spiel.<\/p>\n<p>Bereits am Abend auf der Geburtstagsfeier von \u201eHolz\u201c nahm das Ergebnis zunehmend positive Formen an. Klar mit 5:0 war unsere Dritte im Heimspiel gegen die Dritte von Mitaufsteiger GW M\u00fchlen III erfolgreich. Mit Florian Niehues und Tobi Fangmann (wer h\u00e4tte das gedacht?) waren unsere aktuellen Torj\u00e4ger wieder erfolgreich.<\/p>\n<p>Doch trotz des Sieges war das Ergebnis dieser Begegnung v\u00f6llig nebens\u00e4chlich. Kurz nach der Halbzeitpause verletzte sich unser Spieler Andreas H\u00f6lzl bei einem Kopfballduell schwer am Kopf. W\u00e4hrend sich beim Gegner Benedikt Krebeck eine Platzwunde am Kopf zuzog erlitt Andreas H\u00f6lzl eine Gehirnersch\u00fctterung und einen Kieferbruch. Mit dem Krankenwagen wurde Andreas ins Krankenhaus gebracht und mittlerweile operiert.<\/p>\n<p>Die Dritte und alle OSV-Fu\u00dfballer w\u00fcnschen beiden Aktiven gute Besserung!!!!!!<\/p>\n<p>Die Dritte hat das n\u00e4chste Spiel bereits vor dem Erscheinen dieses Heftes absolviert und ist am Wochenende spielfrei. Am Sonntag tritt unsere Vierte um 13.15 Uhr bei GW Brockdorf IV an.<\/p>\n<p>Training ist wie gehabt am Donnerstag um 19.00 Uhr.<\/p>\n<p>Die Dritte\/Vierte<\/p>\n","protected":false},"excerpt":{"rendered":"<p>0:6 und 5:0 lauteten am Wochenende die Ergebnisse unserer Dritten und Vierten. Die 0:6 Heimniederlage steckte dabei unsere Vierte gegen den Tabellenf\u00fchrer Lutten III ein, doch trotz des klaren Ergebnisses zeigte unsere Vierte ein ordentliches Spiel. Bereits am Abend auf der Geburtstagsfeier von \u201eHolz\u201c nahm das Ergebnis zunehmend positive Formen an. Klar mit 5:0 war [&hellip;]<\/p>\n","protected":false},"author":3,"featured_media":0,"comment_status":"closed","ping_status":"closed","sticky":false,"template":"","format":"standard","meta":{"footnotes":""},"categories":[3],"tags":[],"_links":{"self":[{"href":"https:\/\/sw-osterfeine.de\/index.php?rest_route=\/wp\/v2\/posts\/22737"}],"collection":[{"href":"https:\/\/sw-osterfeine.de\/index.php?rest_route=\/wp\/v2\/posts"}],"about":[{"href":"https:\/\/sw-osterfeine.de\/index.php?rest_route=\/wp\/v2\/types\/post"}],"author":[{"embeddable":true,"href":"https:\/\/sw-osterfeine.de\/index.php?rest_route=\/wp\/v2\/users\/3"}],"replies":[{"embeddable":true,"href":"https:\/\/sw-osterfeine.de\/index.php?rest_route=%2Fwp%2Fv2%2Fcomments&post=22737"}],"version-history":[{"count":3,"href":"https:\/\/sw-osterfeine.de\/index.php?rest_route=\/wp\/v2\/posts\/22737\/revisions"}],"predecessor-version":[{"id":22740,"href":"https:\/\/sw-osterfeine.de\/index.php?rest_route=\/wp\/v2\/posts\/22737\/revisions\/22740"}],"wp:attachment":[{"href":"https:\/\/sw-osterfeine.de\/index.php?rest_route=%2Fwp%2Fv2%2Fmedia&parent=22737"}],"wp:term":[{"taxonomy":"category","embeddable":true,"href":"https:\/\/sw-osterfeine.de\/index.php?rest_route=%2Fwp%2Fv2%2Fcategories&post=22737"},{"taxonomy":"post_tag","embeddable":true,"href":"https:\/\/sw-osterfeine.de\/index.php?rest_route=%2Fwp%2Fv2%2Ftags&post=22737"}],"curies":[{"name":"wp","href":"https:\/\/api.w.org\/{rel}","templated":true}]}}