{"id":2297,"date":"2010-12-09T18:00:22","date_gmt":"2010-12-09T17:00:22","guid":{"rendered":"http:\/\/sw-osterfeine.de\/?p=2297"},"modified":"2010-12-09T18:00:37","modified_gmt":"2010-12-09T17:00:37","slug":"1-d-jugend-%e2%80%93-umstellung-auf-grosen-platz-gegluckt","status":"publish","type":"post","link":"https:\/\/sw-osterfeine.de\/?p=2297","title":{"rendered":"1. D-Jugend \u2013 Umstellung auf gro\u00dfen Platz gegl\u00fcckt"},"content":{"rendered":"<p>Jeder Fu\u00dfballer wei\u00df, dass der Wechsel vom Kleinfeld in der E-Jugend auf den gro\u00dfen Platz in der D-Jugend eine gro\u00dfe Umstellung bedeutet. Als St\u00fcrmer muss man sich zuerst einmal an die weiteren Wege gew\u00f6hnen. Ein Abwehrspieler hat pl\u00f6tzlich viel gr\u00f6\u00dfere R\u00e4ume zu verteidigen. Mittelfeldspieler ben\u00f6tigen von jetzt auf gleich eine gr\u00f6\u00dfere \u00dcbersicht Grundkondition, sowie eine an die Gr\u00f6\u00dfenverh\u00e4ltnisse angepasste Passl\u00e4nge und \u2013Genauigkeit. Der Torwart, der im Jahr zuvor noch einen 5m mal 2m Kasten sauber halten musste hat nun die gleiche Aufgabe bei einem 7,32m mal 2,44m  gro\u00dfen Tor.<\/p>\n<p>Da ist es nicht selbstverst\u00e4ndlich, dass man unter diesen Umst\u00e4nden immer noch genauso gut spielt, wie vorher. Hinzu kommt, dass man eventuell auch noch haupts\u00e4chlich gegen Mannschaften spielt, die bereits ein Jahr \u00e4lter sind und somit schon ein Jahr auf gro\u00dfem Feld gespielt haben \u2013 ein entscheidender Vorteil. Mit all diesen Problemen hatte nat\u00fcrlich auch unsere 1. D-Jugend zu k\u00e4mpfen, die bekanntlich geschlossen aus der E-Jugend gekommen ist. <\/p>\n<p>Es gibt allerdings einen gro\u00dfen Unterschied zu machen anderen Jugendteams, die diesen Wechsel auf das gro\u00dfe Feld vollziehen: Unsere diesj\u00e4hrige 1. D-Jugend meistert die Umstellung bislang mit Bravour. Nach unten ist viel Platz, Abstiegskampf gar kein Thema. Im Gegenteil: Hinter dem weit vorauseilenden, erstplatzierten BW Lohne \u2013 von unserer D-Jugend mit 2:0 nach Hause geschickt &#8211; tummelt sich eine dicht gestaffelte Verfolgergruppe, die von Mannschaften gebildet wird, die f\u00fcr ihre starken Jugendmannschaften bekannt sind. VFL Oythe, RW Damme, TV Dinklage, SG Visbek\/Rechterfeld, GW Brockdorf &#8211; und eben SW Osterfeine. <\/p>\n","protected":false},"excerpt":{"rendered":"<p>Jeder Fu\u00dfballer wei\u00df, dass der Wechsel vom Kleinfeld in der E-Jugend auf den gro\u00dfen Platz in der D-Jugend eine gro\u00dfe Umstellung bedeutet. Als St\u00fcrmer muss man sich zuerst einmal an die weiteren Wege gew\u00f6hnen. Ein Abwehrspieler hat pl\u00f6tzlich viel gr\u00f6\u00dfere R\u00e4ume zu verteidigen. Mittelfeldspieler ben\u00f6tigen von jetzt auf gleich eine gr\u00f6\u00dfere \u00dcbersicht Grundkondition, sowie eine [&hellip;]<\/p>\n","protected":false},"author":3,"featured_media":0,"comment_status":"closed","ping_status":"closed","sticky":false,"template":"","format":"standard","meta":{"footnotes":""},"categories":[3],"tags":[],"_links":{"self":[{"href":"https:\/\/sw-osterfeine.de\/index.php?rest_route=\/wp\/v2\/posts\/2297"}],"collection":[{"href":"https:\/\/sw-osterfeine.de\/index.php?rest_route=\/wp\/v2\/posts"}],"about":[{"href":"https:\/\/sw-osterfeine.de\/index.php?rest_route=\/wp\/v2\/types\/post"}],"author":[{"embeddable":true,"href":"https:\/\/sw-osterfeine.de\/index.php?rest_route=\/wp\/v2\/users\/3"}],"replies":[{"embeddable":true,"href":"https:\/\/sw-osterfeine.de\/index.php?rest_route=%2Fwp%2Fv2%2Fcomments&post=2297"}],"version-history":[{"count":2,"href":"https:\/\/sw-osterfeine.de\/index.php?rest_route=\/wp\/v2\/posts\/2297\/revisions"}],"predecessor-version":[{"id":2299,"href":"https:\/\/sw-osterfeine.de\/index.php?rest_route=\/wp\/v2\/posts\/2297\/revisions\/2299"}],"wp:attachment":[{"href":"https:\/\/sw-osterfeine.de\/index.php?rest_route=%2Fwp%2Fv2%2Fmedia&parent=2297"}],"wp:term":[{"taxonomy":"category","embeddable":true,"href":"https:\/\/sw-osterfeine.de\/index.php?rest_route=%2Fwp%2Fv2%2Fcategories&post=2297"},{"taxonomy":"post_tag","embeddable":true,"href":"https:\/\/sw-osterfeine.de\/index.php?rest_route=%2Fwp%2Fv2%2Ftags&post=2297"}],"curies":[{"name":"wp","href":"https:\/\/api.w.org\/{rel}","templated":true}]}}