{"id":23024,"date":"2018-10-17T08:35:18","date_gmt":"2018-10-17T06:35:18","guid":{"rendered":"https:\/\/sw-osterfeine.de\/?p=23024"},"modified":"2018-10-17T08:35:18","modified_gmt":"2018-10-17T06:35:18","slug":"handballdamen-am-wochenende-im-landesligaeinsatz","status":"publish","type":"post","link":"https:\/\/sw-osterfeine.de\/?p=23024","title":{"rendered":"Handballdamen am Wochenende im Landesligaeinsatz"},"content":{"rendered":"<p><a href=\"https:\/\/sw-osterfeine.de\/wp-content\/uploads\/2018\/10\/Mannschaftsfoto.jpg\" data-rel=\"lightbox-image-0\" data-rl_title=\"\" data-rl_caption=\"\" title=\"\"><img loading=\"lazy\" decoding=\"async\" class=\"wp-image-23019 size-medium aligncenter\" src=\"https:\/\/sw-osterfeine.de\/wp-content\/uploads\/2018\/10\/Mannschaftsfoto-300x241.jpg\" alt=\"\" width=\"300\" height=\"241\" srcset=\"https:\/\/sw-osterfeine.de\/wp-content\/uploads\/2018\/10\/Mannschaftsfoto-300x241.jpg 300w, https:\/\/sw-osterfeine.de\/wp-content\/uploads\/2018\/10\/Mannschaftsfoto-768x616.jpg 768w, https:\/\/sw-osterfeine.de\/wp-content\/uploads\/2018\/10\/Mannschaftsfoto-1024x822.jpg 1024w\" sizes=\"(max-width: 300px) 100vw, 300px\" \/><\/a><\/p>\n<p>Zur ungew\u00f6hnlichen Anwurfzeit um 13.30 Uhr erwarten die Handballerinnen der 1. Damenmannschaft am Sonntag die G\u00e4ste vom SV H\u00f6ltinghausen. Vorab aber ein kurzer R\u00fcckblick auf die bisherige noch junge Saison, die uns bislang immer wieder vor neue Herausforderungen stellt.<\/p>\n<p>Wir sind im September, nach einer langen Vorbereitung, mit dem Wissen in diese Spielzeit gestartet, dass wir mit Karin Bremer (sieht Mutterfreuden entgegen) und Annika Kruthaup (nach Kreuzbandriss fr\u00fchestens Anfang 2019 wieder dabei) unsere zwei Toptorj\u00e4gerinnen der vergangenen Saison zu ersetzen hatte. Erfreulich, dass der \u201eUmbau\u201c zu Saisonbeginn soweit fortgeschritten war, dass wir die beiden Heimspiele gegen Holdorf und Lohne gewinnen konnten \u2013 den aktuell auf dem Konto befindlichen 4:2 Punkten sind wir daher auch sehr zufrieden. Aber leider sind wir aktuell vom Pech verfolgt und m\u00fcssen dem ersten Umbau schon jetzt einen zweiten folgen lassen, da sich die B\u00e4nderverletzungen im Knie von Steffi Meyer als derart schwerwiegend herausgestellt haben, dass mit einem Einsatz von Steffi in dieser Saison nicht mehr gerechnet werden kann.<\/p>\n<p>Ausgerechnet in den kommenden Wochen haben wir es nun mit einigen Gegnern zu tun, gegen die wir uns bei normalem Verlauf der Saison einige Chancen ausgerechnet hatten\u2026aber was ist in dieser Saison schon normal?? Bleibt zu hoffen, dass sich das Verletzungspech so langsam aus Osterfeine verabschiedet.<\/p>\n<p>Unser Gegner an diesem Wochenende ist in der abgelaufenen Saison nur knapp am Abstieg vorbeigeschrammt, kann aber in dieser Saison dank einiger R\u00fcckkehrerinnen wieder aus dem Vollen sch\u00f6pfen. Wer das nicht glauben wollte, wird sp\u00e4testens nach dem H\u00f6ltinghauser Sieg gegen die Cloppenburgerinnen ins Gr\u00fcbeln gekommen sein. Mal sehen, was wir in Sachen \u201eHeimst\u00e4rke\u201c dagegenhalten k\u00f6nnen. Ob wir allerdings mit einem kompletten Kader aufwarten k\u00f6nnen, wird sich erst vor Spielbeginn zeigen.<\/p>\n<p>&nbsp;<\/p>\n","protected":false},"excerpt":{"rendered":"<p>Zur ungew\u00f6hnlichen Anwurfzeit um 13.30 Uhr erwarten die Handballerinnen der 1. Damenmannschaft am Sonntag die G\u00e4ste vom SV H\u00f6ltinghausen. Vorab aber ein kurzer R\u00fcckblick auf die bisherige noch junge Saison, die uns bislang immer wieder vor neue Herausforderungen stellt. Wir sind im September, nach einer langen Vorbereitung, mit dem Wissen in diese Spielzeit gestartet, dass [&hellip;]<\/p>\n","protected":false},"author":3,"featured_media":0,"comment_status":"closed","ping_status":"closed","sticky":false,"template":"","format":"standard","meta":{"footnotes":""},"categories":[1],"tags":[],"_links":{"self":[{"href":"https:\/\/sw-osterfeine.de\/index.php?rest_route=\/wp\/v2\/posts\/23024"}],"collection":[{"href":"https:\/\/sw-osterfeine.de\/index.php?rest_route=\/wp\/v2\/posts"}],"about":[{"href":"https:\/\/sw-osterfeine.de\/index.php?rest_route=\/wp\/v2\/types\/post"}],"author":[{"embeddable":true,"href":"https:\/\/sw-osterfeine.de\/index.php?rest_route=\/wp\/v2\/users\/3"}],"replies":[{"embeddable":true,"href":"https:\/\/sw-osterfeine.de\/index.php?rest_route=%2Fwp%2Fv2%2Fcomments&post=23024"}],"version-history":[{"count":7,"href":"https:\/\/sw-osterfeine.de\/index.php?rest_route=\/wp\/v2\/posts\/23024\/revisions"}],"predecessor-version":[{"id":23031,"href":"https:\/\/sw-osterfeine.de\/index.php?rest_route=\/wp\/v2\/posts\/23024\/revisions\/23031"}],"wp:attachment":[{"href":"https:\/\/sw-osterfeine.de\/index.php?rest_route=%2Fwp%2Fv2%2Fmedia&parent=23024"}],"wp:term":[{"taxonomy":"category","embeddable":true,"href":"https:\/\/sw-osterfeine.de\/index.php?rest_route=%2Fwp%2Fv2%2Fcategories&post=23024"},{"taxonomy":"post_tag","embeddable":true,"href":"https:\/\/sw-osterfeine.de\/index.php?rest_route=%2Fwp%2Fv2%2Ftags&post=23024"}],"curies":[{"name":"wp","href":"https:\/\/api.w.org\/{rel}","templated":true}]}}