{"id":23033,"date":"2018-10-17T08:45:30","date_gmt":"2018-10-17T06:45:30","guid":{"rendered":"https:\/\/sw-osterfeine.de\/?p=23033"},"modified":"2018-10-17T08:45:30","modified_gmt":"2018-10-17T06:45:30","slug":"herbstpause-beendet-wja-startet-wieder","status":"publish","type":"post","link":"https:\/\/sw-osterfeine.de\/?p=23033","title":{"rendered":"Herbstpause beendet \u2013 WJA startet wieder"},"content":{"rendered":"<p>Am Sonntag den 21.10.2018 um 15.30 Uhr begr\u00fc\u00dft die weibliche A-Jugend, als Tabellenerster, die Mannschaft der SG Teuto Handball (4. Platz). Nach vier Wochen Herbstpause hoffen wir an unsere bisherigen Leistungen anzukn\u00fcpfen und die Punkte in Osterfeine zu behalten.<\/p>\n<p>\u00dcber zahlreiche Zuschauer w\u00fcrden wir uns sehr freuen.<\/p>\n","protected":false},"excerpt":{"rendered":"<p>Am Sonntag den 21.10.2018 um 15.30 Uhr begr\u00fc\u00dft die weibliche A-Jugend, als Tabellenerster, die Mannschaft der SG Teuto Handball (4. Platz). Nach vier Wochen Herbstpause hoffen wir an unsere bisherigen Leistungen anzukn\u00fcpfen und die Punkte in Osterfeine zu behalten. \u00dcber zahlreiche Zuschauer w\u00fcrden wir uns sehr freuen.<\/p>\n","protected":false},"author":3,"featured_media":0,"comment_status":"closed","ping_status":"closed","sticky":false,"template":"","format":"standard","meta":{"footnotes":""},"categories":[1],"tags":[],"_links":{"self":[{"href":"https:\/\/sw-osterfeine.de\/index.php?rest_route=\/wp\/v2\/posts\/23033"}],"collection":[{"href":"https:\/\/sw-osterfeine.de\/index.php?rest_route=\/wp\/v2\/posts"}],"about":[{"href":"https:\/\/sw-osterfeine.de\/index.php?rest_route=\/wp\/v2\/types\/post"}],"author":[{"embeddable":true,"href":"https:\/\/sw-osterfeine.de\/index.php?rest_route=\/wp\/v2\/users\/3"}],"replies":[{"embeddable":true,"href":"https:\/\/sw-osterfeine.de\/index.php?rest_route=%2Fwp%2Fv2%2Fcomments&post=23033"}],"version-history":[{"count":2,"href":"https:\/\/sw-osterfeine.de\/index.php?rest_route=\/wp\/v2\/posts\/23033\/revisions"}],"predecessor-version":[{"id":23035,"href":"https:\/\/sw-osterfeine.de\/index.php?rest_route=\/wp\/v2\/posts\/23033\/revisions\/23035"}],"wp:attachment":[{"href":"https:\/\/sw-osterfeine.de\/index.php?rest_route=%2Fwp%2Fv2%2Fmedia&parent=23033"}],"wp:term":[{"taxonomy":"category","embeddable":true,"href":"https:\/\/sw-osterfeine.de\/index.php?rest_route=%2Fwp%2Fv2%2Fcategories&post=23033"},{"taxonomy":"post_tag","embeddable":true,"href":"https:\/\/sw-osterfeine.de\/index.php?rest_route=%2Fwp%2Fv2%2Ftags&post=23033"}],"curies":[{"name":"wp","href":"https:\/\/api.w.org\/{rel}","templated":true}]}}