{"id":23042,"date":"2018-10-18T09:36:29","date_gmt":"2018-10-18T07:36:29","guid":{"rendered":"https:\/\/sw-osterfeine.de\/?p=23042"},"modified":"2018-10-19T08:22:51","modified_gmt":"2018-10-19T06:22:51","slug":"c-lizenz-trainer-ausbildung-fuer-fussballer","status":"publish","type":"post","link":"https:\/\/sw-osterfeine.de\/?p=23042","title":{"rendered":"C-Lizenz Trainer Ausbildung f\u00fcr Fu\u00dfballer!!!"},"content":{"rendered":"<p><strong>Liebe Fu\u00dfballer von Schwarz-Wei\u00df Osterfeine!<\/strong><\/p>\n<p>Welcher j\u00fcngere aber auch gerne welcher etwas \u00e4lterer Fu\u00dfballer im OSV hat Spa\u00df an einer Trainerausbildung?? Aktuelle Trainer k\u00f6nnen sich hier qualifizieren und am Trainerjob interessierte NOCH Nichttrainer k\u00f6nnen sich hier qualifizieren und ausbilden lassen. Aktive und Ehemalige, der Lehrgang ist f\u00fcr alle Fu\u00dfballer da.<\/p>\n<p>Der Trainerjob\u00a0 im OSV macht Riesenspa\u00df!!!<\/p>\n<p>Unsere Jugendfu\u00dfballer freuen sich \u00fcber jeden qualifizierten Trainer!!<\/p>\n<p>Der Sportverein SW Osterfeine \u00fcbernimmt alle anfallenden Kosten!!!<\/p>\n<p>Macht den Trainerschein und st\u00e4rkt die Fu\u00dfballabteilung DEINES Fu\u00dfballvereines, der auch DICH ausgebildet hat!!<\/p>\n<p>Infoabend: <u>Mittwoch, 24.10.2018 um 19.00<\/u> Uhr im Sportheim von RW Damme!!<\/p>\n<p>Anmeldung bis zum 21.10.2018 bei Marco Otte oder allen Jugendverantwortlichen oder Vorstandsmitgliedern.<\/p>\n","protected":false},"excerpt":{"rendered":"<p>Liebe Fu\u00dfballer von Schwarz-Wei\u00df Osterfeine! Welcher j\u00fcngere aber auch gerne welcher etwas \u00e4lterer Fu\u00dfballer im OSV hat Spa\u00df an einer Trainerausbildung?? Aktuelle Trainer k\u00f6nnen sich hier qualifizieren und am Trainerjob interessierte NOCH Nichttrainer k\u00f6nnen sich hier qualifizieren und ausbilden lassen. Aktive und Ehemalige, der Lehrgang ist f\u00fcr alle Fu\u00dfballer da. Der Trainerjob\u00a0 im OSV macht [&hellip;]<\/p>\n","protected":false},"author":3,"featured_media":0,"comment_status":"closed","ping_status":"closed","sticky":false,"template":"","format":"standard","meta":{"footnotes":""},"categories":[3],"tags":[],"_links":{"self":[{"href":"https:\/\/sw-osterfeine.de\/index.php?rest_route=\/wp\/v2\/posts\/23042"}],"collection":[{"href":"https:\/\/sw-osterfeine.de\/index.php?rest_route=\/wp\/v2\/posts"}],"about":[{"href":"https:\/\/sw-osterfeine.de\/index.php?rest_route=\/wp\/v2\/types\/post"}],"author":[{"embeddable":true,"href":"https:\/\/sw-osterfeine.de\/index.php?rest_route=\/wp\/v2\/users\/3"}],"replies":[{"embeddable":true,"href":"https:\/\/sw-osterfeine.de\/index.php?rest_route=%2Fwp%2Fv2%2Fcomments&post=23042"}],"version-history":[{"count":5,"href":"https:\/\/sw-osterfeine.de\/index.php?rest_route=\/wp\/v2\/posts\/23042\/revisions"}],"predecessor-version":[{"id":23061,"href":"https:\/\/sw-osterfeine.de\/index.php?rest_route=\/wp\/v2\/posts\/23042\/revisions\/23061"}],"wp:attachment":[{"href":"https:\/\/sw-osterfeine.de\/index.php?rest_route=%2Fwp%2Fv2%2Fmedia&parent=23042"}],"wp:term":[{"taxonomy":"category","embeddable":true,"href":"https:\/\/sw-osterfeine.de\/index.php?rest_route=%2Fwp%2Fv2%2Fcategories&post=23042"},{"taxonomy":"post_tag","embeddable":true,"href":"https:\/\/sw-osterfeine.de\/index.php?rest_route=%2Fwp%2Fv2%2Ftags&post=23042"}],"curies":[{"name":"wp","href":"https:\/\/api.w.org\/{rel}","templated":true}]}}