{"id":23049,"date":"2018-10-18T16:28:51","date_gmt":"2018-10-18T14:28:51","guid":{"rendered":"https:\/\/sw-osterfeine.de\/?p=23049"},"modified":"2018-10-18T16:28:51","modified_gmt":"2018-10-18T14:28:51","slug":"vorwort-11","status":"publish","type":"post","link":"https:\/\/sw-osterfeine.de\/?p=23049","title":{"rendered":"Vorwort"},"content":{"rendered":"<p>Liebe Leser von SW-Aktuell,<\/p>\n<p>die Redaktion von SW-Aktuell hei\u00dft alle heutigen G\u00e4ste hier auf dem Kl\u00fcnenberg herzlich willkommen. Ein besonderer Gru\u00df gilt dabei unseren zahlreichen G\u00e4sten aus Th\u00fcle, Visbek, H\u00f6ltinghausen, Lotte, Osnabr\u00fcck und Ankum.<\/p>\n<p>Sowohl unsere Handballerinnen als auch unsere Fu\u00dfballer sind am heutigen Sonntag im vollen Einsatz.<\/p>\n<p>Voller Einsatz wird dabei am Sonntag auch von unserer I-Herrenmannschaft\u00a0 zu liefern sein, will man gegen den hoch ambitionierten SV Th\u00fcle im Bezirksligaspiel eine Chance haben.<\/p>\n<p>Unser heutiger Gast verf\u00fcgt \u00fcber eine extrem gut besetzte Mannschaft und wird auch heute sicherlich alles versuchen, aus dem Mittelfeld nach oben in der Tabelle zu klettern. Ein Kompliment hat sich unsere Erste f\u00fcr den Kraftakt in Lastrup verdient. Trotz der erneuten Heimniederlage gegen Altenoythe im Heimspiel der Vorwoche ging unsere Mannschaft voll konzentriert in die Begegnung und f\u00fchrte zur Pause mit 3:0. Leider verlor unsere Mannschaft nach der Pause zunehmend den Faden, doch durch ihren herausragenden Kampfgeist konnte sie das 3:2 \u00fcber die Runden retten, gl\u00fccklich nach dem Spiel zu Boden sinken und wichtige Punkte sammeln.<\/p>\n<p>Punkte sammeln sollte auch das Motto f\u00fcr die kommenden Wochen sein. Nach einem Drittel der Serie steht unsere Erste mit 15 Punkten aus 10 Spielen bei 24:21 Toren auf einem Mittelplatz. Wichtig f\u00fcr unsere Mannschaft ist auch in dieser Serie prim\u00e4r, dass sie nicht in den Tabellenkeller ger\u00e4t. Keiner sollte auch in dieser Serie die Anspr\u00fcche zu hochschrauben. Die Serie bisher zeigt deutlich, wie schwer es ist an die Punkte zu kommen. Fast alle Gegner arbeiten mit Zukaufakteuren und basteln sich mit finanziellen Mitteln eine Mannschaft zusammen wie sie es gerne h\u00e4tten. Bei unserer Mannschaft wird ausschlie\u00dflich mit eigenen Kr\u00e4ften aus unserm Sportverein ohne jegliche Bezahlung agiert. Ausf\u00e4lle werden nicht durch Zuk\u00e4ufe egalisiert, sondern nur durch den Einbau eigener junger Kr\u00e4fte. Dieser kontinuierliche Einbau ist einzig und allein der OSV-Weg seit zig Jahren. Wir alle sollten bedenken, wie beschwerlich der Weg ist. Also, schraubt die Erwartungen nicht so hoch, bleibt bescheiden und k\u00e4mpft Woche f\u00fcr Woche um die wichtigen Herbstpunkte!!!<\/p>\n<p>Bescheiden sollten auch die Ziele unserer II-Mannschaft als Aufsteiger in der Kreisliga sein und jeder Punktgewinn sollte als was Besonderes angesehen werden. Alle im Bezirk und Kreis vor unserer Zweiten platzierten Reservemannschaften sind die Reserve von ersten Mannschaften die sich aus Fremdspielern rekrutieren und die besten Spieler aus dem eigenen Verein spielen dann in der Zweiten. Umso h\u00f6her sind daher die bisherigen 9 Punkte aus 11 Spielen bei 9:19 Toren zu bewerten. Also, dranbleiben und Woche f\u00fcr Woche um jeden Punkt k\u00e4mpfen.<\/p>\n<p>Viel Spa\u00df beim Lesen<\/p>\n<p><em>Die Redaktion <\/em><\/p>\n","protected":false},"excerpt":{"rendered":"<p>Liebe Leser von SW-Aktuell, die Redaktion von SW-Aktuell hei\u00dft alle heutigen G\u00e4ste hier auf dem Kl\u00fcnenberg herzlich willkommen. Ein besonderer Gru\u00df gilt dabei unseren zahlreichen G\u00e4sten aus Th\u00fcle, Visbek, H\u00f6ltinghausen, Lotte, Osnabr\u00fcck und Ankum. Sowohl unsere Handballerinnen als auch unsere Fu\u00dfballer sind am heutigen Sonntag im vollen Einsatz. Voller Einsatz wird dabei am Sonntag auch [&hellip;]<\/p>\n","protected":false},"author":3,"featured_media":0,"comment_status":"closed","ping_status":"closed","sticky":false,"template":"","format":"standard","meta":{"footnotes":""},"categories":[3],"tags":[],"_links":{"self":[{"href":"https:\/\/sw-osterfeine.de\/index.php?rest_route=\/wp\/v2\/posts\/23049"}],"collection":[{"href":"https:\/\/sw-osterfeine.de\/index.php?rest_route=\/wp\/v2\/posts"}],"about":[{"href":"https:\/\/sw-osterfeine.de\/index.php?rest_route=\/wp\/v2\/types\/post"}],"author":[{"embeddable":true,"href":"https:\/\/sw-osterfeine.de\/index.php?rest_route=\/wp\/v2\/users\/3"}],"replies":[{"embeddable":true,"href":"https:\/\/sw-osterfeine.de\/index.php?rest_route=%2Fwp%2Fv2%2Fcomments&post=23049"}],"version-history":[{"count":1,"href":"https:\/\/sw-osterfeine.de\/index.php?rest_route=\/wp\/v2\/posts\/23049\/revisions"}],"predecessor-version":[{"id":23050,"href":"https:\/\/sw-osterfeine.de\/index.php?rest_route=\/wp\/v2\/posts\/23049\/revisions\/23050"}],"wp:attachment":[{"href":"https:\/\/sw-osterfeine.de\/index.php?rest_route=%2Fwp%2Fv2%2Fmedia&parent=23049"}],"wp:term":[{"taxonomy":"category","embeddable":true,"href":"https:\/\/sw-osterfeine.de\/index.php?rest_route=%2Fwp%2Fv2%2Fcategories&post=23049"},{"taxonomy":"post_tag","embeddable":true,"href":"https:\/\/sw-osterfeine.de\/index.php?rest_route=%2Fwp%2Fv2%2Ftags&post=23049"}],"curies":[{"name":"wp","href":"https:\/\/api.w.org\/{rel}","templated":true}]}}