{"id":23062,"date":"2018-10-19T10:19:48","date_gmt":"2018-10-19T08:19:48","guid":{"rendered":"https:\/\/sw-osterfeine.de\/?p=23062"},"modified":"2018-10-19T10:19:48","modified_gmt":"2018-10-19T08:19:48","slug":"bericht-der-nordwestzeitung","status":"publish","type":"post","link":"https:\/\/sw-osterfeine.de\/?p=23062","title":{"rendered":"Bericht der Nordwestzeitung"},"content":{"rendered":"<p><strong>Macke sieht Fortschritte bei seiner Elf<\/strong><\/p>\n<p><em>Stephan T\u00f6nnies<\/em><\/p>\n<p><strong><a href=\"https:\/\/www.nwzonline.de\/ort\/th%C3%BCle\">Th\u00fcle<\/a> \/<a href=\"https:\/\/www.nwzonline.de\/ort\/osterfeine\">Osterfeine<\/a> <\/strong>Michael Macke, der zusammen mit Andre Middeke den SV Th\u00fcle in der Fu\u00dfball-Bezirksliga trainiert, sieht trotz des j\u00fcngsten 1:1 gegen den VfL Oythe II Fortschritte bei seinem Team. \u201eWir sind auf einem guten Weg\u201c, meint Macke vor dem Gastspiel bei SW Osterfeine (Sonntag, 15 Uhr).<\/p>\n<p>Auf die Partie in Osterfeine freut er sich. SWO sei eine der wenigen Truppen in der Liga, die noch Spieler in ihrer Mannschaft habe, gegen die Macke in seiner aktiven Spielerzeit gespielt hatte. \u201eOsterfeine ist ein gut gef\u00fchrter Verein, der nicht umsonst schon seit vielen Jahren auf Bezirksebene spielt\u201c, sagt Macke. Dar\u00fcber hinaus sei der Gegner vor allem im Mittelfeldzentrum stark besetzt. Die Atmosph\u00e4re bei Heimspielen in Osterfeine sei hitzig. Diese Situation m\u00fcsse seine Mannschaft annehmen.<\/p>\n<p>Macke und Middeke m\u00fcssen indes auf Nihat Tekce verzichten. Der schussgewaltige Akteur unterzog sich am Montag einer Operation am Kiefer. Macke rechnet mit einer Ausfallzeit von rund zwei Wochen. Claas G\u00f6ken hat Probleme mit den Mandeln, doch Macke geht erstmal davon aus, dass der Mittelfeldspieler gr\u00fcnes Licht f\u00fcr einen Einsatz geben wird. Fraglich ist das Mitwirken von Tobias Latta, dem Knieprobleme zu schaffen machen. Sollte der Leistungstr\u00e4ger ausfallen, w\u00e4re Dennis Meyer ein Anw\u00e4rter auf den Posten in der Innenverteidigung.<\/p>\n","protected":false},"excerpt":{"rendered":"<p>Macke sieht Fortschritte bei seiner Elf Stephan T\u00f6nnies Th\u00fcle \/Osterfeine Michael Macke, der zusammen mit Andre Middeke den SV Th\u00fcle in der Fu\u00dfball-Bezirksliga trainiert, sieht trotz des j\u00fcngsten 1:1 gegen den VfL Oythe II Fortschritte bei seinem Team. \u201eWir sind auf einem guten Weg\u201c, meint Macke vor dem Gastspiel bei SW Osterfeine (Sonntag, 15 Uhr). [&hellip;]<\/p>\n","protected":false},"author":3,"featured_media":0,"comment_status":"closed","ping_status":"closed","sticky":false,"template":"","format":"standard","meta":{"footnotes":""},"categories":[3],"tags":[],"_links":{"self":[{"href":"https:\/\/sw-osterfeine.de\/index.php?rest_route=\/wp\/v2\/posts\/23062"}],"collection":[{"href":"https:\/\/sw-osterfeine.de\/index.php?rest_route=\/wp\/v2\/posts"}],"about":[{"href":"https:\/\/sw-osterfeine.de\/index.php?rest_route=\/wp\/v2\/types\/post"}],"author":[{"embeddable":true,"href":"https:\/\/sw-osterfeine.de\/index.php?rest_route=\/wp\/v2\/users\/3"}],"replies":[{"embeddable":true,"href":"https:\/\/sw-osterfeine.de\/index.php?rest_route=%2Fwp%2Fv2%2Fcomments&post=23062"}],"version-history":[{"count":4,"href":"https:\/\/sw-osterfeine.de\/index.php?rest_route=\/wp\/v2\/posts\/23062\/revisions"}],"predecessor-version":[{"id":23066,"href":"https:\/\/sw-osterfeine.de\/index.php?rest_route=\/wp\/v2\/posts\/23062\/revisions\/23066"}],"wp:attachment":[{"href":"https:\/\/sw-osterfeine.de\/index.php?rest_route=%2Fwp%2Fv2%2Fmedia&parent=23062"}],"wp:term":[{"taxonomy":"category","embeddable":true,"href":"https:\/\/sw-osterfeine.de\/index.php?rest_route=%2Fwp%2Fv2%2Fcategories&post=23062"},{"taxonomy":"post_tag","embeddable":true,"href":"https:\/\/sw-osterfeine.de\/index.php?rest_route=%2Fwp%2Fv2%2Ftags&post=23062"}],"curies":[{"name":"wp","href":"https:\/\/api.w.org\/{rel}","templated":true}]}}