{"id":23108,"date":"2018-10-26T08:30:26","date_gmt":"2018-10-26T06:30:26","guid":{"rendered":"https:\/\/sw-osterfeine.de\/?p=23108"},"modified":"2018-10-26T08:30:26","modified_gmt":"2018-10-26T06:30:26","slug":"deutliche-niederlage-der-a-jugend","status":"publish","type":"post","link":"https:\/\/sw-osterfeine.de\/?p=23108","title":{"rendered":"Deutliche Niederlage der A-Jugend"},"content":{"rendered":"<p>Kein guter Tag f\u00fcr die Landesliga A-Jugend gegen die SG Teuto Handball. Bereits nach 10 Minuten lag das Team mit 1:7 zur\u00fcck. Dies lag zum einen an dem unsicheren und nerv\u00f6sen Auftreten der Mannschaft, als auch an den Gegnern, die sehr stark und souver\u00e4n auftraten. Auch ein Teamtimeout, mit einer klaren Ansage, konnte das Team nicht wach r\u00fctteln, sodass wir mit einem 6:14 R\u00fcckstand in die Halbzeit gingen.<\/p>\n<p>In der zweiten Halbzeit starteten die M\u00e4dels mit einem klaren Ziel. Sie wollten ihren Ehrgeiz wieder auspacken und sich nicht kampflos geschlagen geben. Dennoch konnte man den verpatzten Start nicht wieder ausgleichen. In der 42. Minute konnten die M\u00e4dels noch einmal auf einen 5 Tore R\u00fcckstand verk\u00fcrzen. Dennoch verloren wir das Spiel mit 18:25.<\/p>\n<p>Am kommenden Samstag geht es f\u00fcr die Mannschaft nach Sch\u00fcttorf.<\/p>\n<p><em>Torsch\u00fctzen: <\/em>Anna Wiehebrink (4), Jasmin Lorenz, Hannah Kalus (je 3), Hanna Glandorf, Jona Biestmann (2), Vanessa L\u00fcbbehusen, Christina Decker, Melissa Meyer, Sophie St\u00f6ppelmarkt (je 1)<\/p>\n","protected":false},"excerpt":{"rendered":"<p>Kein guter Tag f\u00fcr die Landesliga A-Jugend gegen die SG Teuto Handball. Bereits nach 10 Minuten lag das Team mit 1:7 zur\u00fcck. Dies lag zum einen an dem unsicheren und nerv\u00f6sen Auftreten der Mannschaft, als auch an den Gegnern, die sehr stark und souver\u00e4n auftraten. Auch ein Teamtimeout, mit einer klaren Ansage, konnte das Team [&hellip;]<\/p>\n","protected":false},"author":3,"featured_media":0,"comment_status":"closed","ping_status":"closed","sticky":false,"template":"","format":"standard","meta":{"footnotes":""},"categories":[1],"tags":[],"_links":{"self":[{"href":"https:\/\/sw-osterfeine.de\/index.php?rest_route=\/wp\/v2\/posts\/23108"}],"collection":[{"href":"https:\/\/sw-osterfeine.de\/index.php?rest_route=\/wp\/v2\/posts"}],"about":[{"href":"https:\/\/sw-osterfeine.de\/index.php?rest_route=\/wp\/v2\/types\/post"}],"author":[{"embeddable":true,"href":"https:\/\/sw-osterfeine.de\/index.php?rest_route=\/wp\/v2\/users\/3"}],"replies":[{"embeddable":true,"href":"https:\/\/sw-osterfeine.de\/index.php?rest_route=%2Fwp%2Fv2%2Fcomments&post=23108"}],"version-history":[{"count":4,"href":"https:\/\/sw-osterfeine.de\/index.php?rest_route=\/wp\/v2\/posts\/23108\/revisions"}],"predecessor-version":[{"id":23112,"href":"https:\/\/sw-osterfeine.de\/index.php?rest_route=\/wp\/v2\/posts\/23108\/revisions\/23112"}],"wp:attachment":[{"href":"https:\/\/sw-osterfeine.de\/index.php?rest_route=%2Fwp%2Fv2%2Fmedia&parent=23108"}],"wp:term":[{"taxonomy":"category","embeddable":true,"href":"https:\/\/sw-osterfeine.de\/index.php?rest_route=%2Fwp%2Fv2%2Fcategories&post=23108"},{"taxonomy":"post_tag","embeddable":true,"href":"https:\/\/sw-osterfeine.de\/index.php?rest_route=%2Fwp%2Fv2%2Ftags&post=23108"}],"curies":[{"name":"wp","href":"https:\/\/api.w.org\/{rel}","templated":true}]}}