{"id":23193,"date":"2018-11-01T17:12:21","date_gmt":"2018-11-01T16:12:21","guid":{"rendered":"https:\/\/sw-osterfeine.de\/?p=23193"},"modified":"2018-11-01T17:12:21","modified_gmt":"2018-11-01T16:12:21","slug":"1-herren-bericht-7","status":"publish","type":"post","link":"https:\/\/sw-osterfeine.de\/?p=23193","title":{"rendered":"1. Herren &#8211; Bericht"},"content":{"rendered":"<p>Hallo und herzlich Willkommen zum Heimspiel gegen TuS Emstekerfeld.<\/p>\n<p>In unserem letzten Heimspiel mussten wir eine unn\u00f6tige Niederlage gegen SV Th\u00fcle hinnehmen, die unsere Niederlagenserie im heimischen Stadion auf f\u00fcnf Partien ausbaute. Nahezu die gesamte Spieldauer \u00fcber hatten wir die G\u00e4ste im Griff und konnten uns so einige sehr gute Torm\u00f6glichkeiten erspielen. Jedoch gelang es uns mal wieder nicht, den Ball im Tor unterzubringen. Dagegen nutzten die Th\u00fcler ihre Chancen fast perfekt aus, sodass es am Ende der Partie 3:0 f\u00fcr SV Th\u00fcle hie\u00df.<\/p>\n<p>Im darauffolgenden Spiel traten wir bei der Mannschaft unseres Ex-Trainers Alket Zeqo an. Auch in dieser Partie waren wir wieder die \u00fcberlegene Mannschaft und gingen deshalb auch verdient mit 1:0 in F\u00fchrung. Danach standen wir defensiv relativ stabil, konnten aber nach vorne hin keine hochprozentigen Chancen entwickeln. In der 60. Spielminute zeigte der Schiedsrichter nach einem fragw\u00fcrdigen Foul von Frederic Lampe auf den Punkt, sodass Garrel zum 1:1 ausgleichen konnte. Nach dem Elfmeter versuchten wir alles, um doch noch den Sieg mit nach Hause zu bringen. Jedoch kamen wir nicht \u00fcber ein 1:1 hinaus.<\/p>\n<p>Als letztes VEC-Team traten wir diesen Mittwoch im Pokal in Gro\u00dfefehn an. Die Reise begann bereits morgens um 09:30 Uhr auf dem Osterfeiner Sportplatzgel\u00e4nde, als wir mit einigen unserer Fans per Bus Richtung Gro\u00dfefehn fuhren. Die Euphorie war gro\u00df, denn jeder wusste, was ein Einzug ins Viertelfinale f\u00fcr den Verein bedeuten w\u00fcrde. Trotz einer hart umk\u00e4mpften Anfangsphase konnten wir mit 1:0 in F\u00fchrung gehen. Die Fehner zeigten sich unbeeindruckt und drehten das Spiel zum zwischenzeitlichen 1:2. In der 58. Minute glich Michael Harpenau zum 2:2-Ausgleich aus, woraufhin Maximilian St\u00e4rk in der 77. Minute den Schlusspunkt zum 3:2-Sieg markierte. Am 22. April werden wir dann im Pokalviertelfinale auf ASV Altenlingen treffen.<\/p>\n<p>Es gilt den Schwung aus dem gewonnen Pokalspiel mitzunehmen, um endlich mal wieder einen Heimtriumph feiern zu k\u00f6nnen. Vorallem der Sportlerball sollte uns motivieren, denn als 1. Mannschaft ist es immer schlecht, den Sportlerball ohne Sieg zu betreten.<\/p>\n<p>Mit sportlichen Gr\u00fc\u00dfen<\/p>\n<p>Steffen Wehri<\/p>\n","protected":false},"excerpt":{"rendered":"<p>Hallo und herzlich Willkommen zum Heimspiel gegen TuS Emstekerfeld. In unserem letzten Heimspiel mussten wir eine unn\u00f6tige Niederlage gegen SV Th\u00fcle hinnehmen, die unsere Niederlagenserie im heimischen Stadion auf f\u00fcnf Partien ausbaute. Nahezu die gesamte Spieldauer \u00fcber hatten wir die G\u00e4ste im Griff und konnten uns so einige sehr gute Torm\u00f6glichkeiten erspielen. Jedoch gelang es [&hellip;]<\/p>\n","protected":false},"author":3,"featured_media":0,"comment_status":"closed","ping_status":"closed","sticky":false,"template":"","format":"standard","meta":{"footnotes":""},"categories":[3],"tags":[],"_links":{"self":[{"href":"https:\/\/sw-osterfeine.de\/index.php?rest_route=\/wp\/v2\/posts\/23193"}],"collection":[{"href":"https:\/\/sw-osterfeine.de\/index.php?rest_route=\/wp\/v2\/posts"}],"about":[{"href":"https:\/\/sw-osterfeine.de\/index.php?rest_route=\/wp\/v2\/types\/post"}],"author":[{"embeddable":true,"href":"https:\/\/sw-osterfeine.de\/index.php?rest_route=\/wp\/v2\/users\/3"}],"replies":[{"embeddable":true,"href":"https:\/\/sw-osterfeine.de\/index.php?rest_route=%2Fwp%2Fv2%2Fcomments&post=23193"}],"version-history":[{"count":1,"href":"https:\/\/sw-osterfeine.de\/index.php?rest_route=\/wp\/v2\/posts\/23193\/revisions"}],"predecessor-version":[{"id":23194,"href":"https:\/\/sw-osterfeine.de\/index.php?rest_route=\/wp\/v2\/posts\/23193\/revisions\/23194"}],"wp:attachment":[{"href":"https:\/\/sw-osterfeine.de\/index.php?rest_route=%2Fwp%2Fv2%2Fmedia&parent=23193"}],"wp:term":[{"taxonomy":"category","embeddable":true,"href":"https:\/\/sw-osterfeine.de\/index.php?rest_route=%2Fwp%2Fv2%2Fcategories&post=23193"},{"taxonomy":"post_tag","embeddable":true,"href":"https:\/\/sw-osterfeine.de\/index.php?rest_route=%2Fwp%2Fv2%2Ftags&post=23193"}],"curies":[{"name":"wp","href":"https:\/\/api.w.org\/{rel}","templated":true}]}}