{"id":23198,"date":"2018-11-05T09:06:34","date_gmt":"2018-11-05T08:06:34","guid":{"rendered":"https:\/\/sw-osterfeine.de\/?p=23198"},"modified":"2018-11-05T09:07:11","modified_gmt":"2018-11-05T08:07:11","slug":"23198","status":"publish","type":"post","link":"https:\/\/sw-osterfeine.de\/?p=23198","title":{"rendered":"NWZ Artikel"},"content":{"rendered":"<p><strong><a href=\"https:\/\/www.nwzonline.de\/ort\/emstekerfeld\">Emstekerfeld<\/a> \/<a href=\"https:\/\/www.nwzonline.de\/ort\/th%C3%BCle\">Th\u00fcle<\/a> <\/strong>Der Fu\u00dfball-Bezirksligist <a href=\"https:\/\/www.nwzonline.de\/news\/tus-emstekerfeld\">TuS Emstekerfeld<\/a> hat am vergangenen Samstag bei <a href=\"https:\/\/www.nwzonline.de\/news\/sw-osterfeine\">SW Osterfeine<\/a> 2:2 gespielt. Dabei gaben die Emstekerfelder eine Zwei-Tore-F\u00fchrung aus der Hand. Ligakonkurrent SV Th\u00fcle gewann sein Ausw\u00e4rtsspiel beim Aufsteiger BW Langf\u00f6rden 4:1.<\/p>\n<p>SW Osterfeine &#8211; TuS Emstekerfeld 2:2 (0:1). Die Emstekerfelder hatten die ersten 20 Minuten total im Griff gehabt. Folgerichtig gelang Stefan Backhaus nach Vorlage von Sebastian Bl\u00f6mer die F\u00fchrung (18.). Doch im weiteren Verlauf der ersten Halbzeit bekamen die Osterfeiner Oberwasser. Sie erarbeiteten sich auch Chancen. Eine davon vergab Jan Schomaker (25.). Zehn Minuten sp\u00e4ter war Maximilian St\u00e4rk drauf und dran, f\u00fcr sein Team auszugleichen, aber Emstekerfelds Torh\u00fcter Nils Kordon parierte erstklassig.<\/p>\n<p>In der zweiten Halbzeit erh\u00f6hte der TuS auf 2:0. Backhaus hatte geflankt, Bl\u00f6mer den Ball per Kopf verl\u00e4ngert, den der lauernde Linus-Kaspar Funke anschlie\u00dfend versenkte (60.). In der Folgezeit gaben die Osterfeiner Gas. F\u00fcr den TuS wurde es kribbelig.<\/p>\n<p>In der 75. Minute erzielte SWO-Spielertrainer Christian Schiffb\u00e4nker den Anschlusstreffer. F\u00fcnf Minuten sp\u00e4ter war es wieder Schiffb\u00e4nker, der sich als Torsch\u00fctze feiern lassen durfte. Der bereits verwarnte Christian Alfers flog nach einem Foulspiel mit der gelb-roten Karte vom Platz (82.). Sechs Minuten sp\u00e4ter musste Kordon gegen SWO-Routinier Christian Harpenau retten. Trotz der zwischenzeitlichen Zwei-Tore-F\u00fchrung sei es am Ende ein Punktgewinn gewesen, meinte Kliefoth. \u201eUns fehlt momentan einfach das Selbstvertrauen\u201c, meinte er.<\/p>\n<p>Tore: 0:1 Backhaus (18.), 0:2 Funke (60.), 1:2, 2:2 Schiffb\u00e4nker (75., 80. Foulelfmeter).<\/p>\n<p>TuS Emstekerfeld: Kordon &#8211; Wedemeyer (75. Winkler), Jost, N\u00f6h, Stratmann (70. Claus), Alfers, Schumacher, Thien, Bl\u00f6mer, Backhaus, Funke (80. Witt).<\/p>\n<p>Schiedsrichter: Meermann (Vechta).<\/p>\n","protected":false},"excerpt":{"rendered":"<p>Emstekerfeld \/Th\u00fcle Der Fu\u00dfball-Bezirksligist TuS Emstekerfeld hat am vergangenen Samstag bei SW Osterfeine 2:2 gespielt. Dabei gaben die Emstekerfelder eine Zwei-Tore-F\u00fchrung aus der Hand. Ligakonkurrent SV Th\u00fcle gewann sein Ausw\u00e4rtsspiel beim Aufsteiger BW Langf\u00f6rden 4:1. SW Osterfeine &#8211; TuS Emstekerfeld 2:2 (0:1). Die Emstekerfelder hatten die ersten 20 Minuten total im Griff gehabt. Folgerichtig gelang [&hellip;]<\/p>\n","protected":false},"author":3,"featured_media":0,"comment_status":"closed","ping_status":"closed","sticky":false,"template":"","format":"standard","meta":{"footnotes":""},"categories":[3],"tags":[],"_links":{"self":[{"href":"https:\/\/sw-osterfeine.de\/index.php?rest_route=\/wp\/v2\/posts\/23198"}],"collection":[{"href":"https:\/\/sw-osterfeine.de\/index.php?rest_route=\/wp\/v2\/posts"}],"about":[{"href":"https:\/\/sw-osterfeine.de\/index.php?rest_route=\/wp\/v2\/types\/post"}],"author":[{"embeddable":true,"href":"https:\/\/sw-osterfeine.de\/index.php?rest_route=\/wp\/v2\/users\/3"}],"replies":[{"embeddable":true,"href":"https:\/\/sw-osterfeine.de\/index.php?rest_route=%2Fwp%2Fv2%2Fcomments&post=23198"}],"version-history":[{"count":2,"href":"https:\/\/sw-osterfeine.de\/index.php?rest_route=\/wp\/v2\/posts\/23198\/revisions"}],"predecessor-version":[{"id":23200,"href":"https:\/\/sw-osterfeine.de\/index.php?rest_route=\/wp\/v2\/posts\/23198\/revisions\/23200"}],"wp:attachment":[{"href":"https:\/\/sw-osterfeine.de\/index.php?rest_route=%2Fwp%2Fv2%2Fmedia&parent=23198"}],"wp:term":[{"taxonomy":"category","embeddable":true,"href":"https:\/\/sw-osterfeine.de\/index.php?rest_route=%2Fwp%2Fv2%2Fcategories&post=23198"},{"taxonomy":"post_tag","embeddable":true,"href":"https:\/\/sw-osterfeine.de\/index.php?rest_route=%2Fwp%2Fv2%2Ftags&post=23198"}],"curies":[{"name":"wp","href":"https:\/\/api.w.org\/{rel}","templated":true}]}}