{"id":23602,"date":"2018-11-13T12:09:19","date_gmt":"2018-11-13T11:09:19","guid":{"rendered":"https:\/\/sw-osterfeine.de\/?p=23602"},"modified":"2018-11-13T12:09:19","modified_gmt":"2018-11-13T11:09:19","slug":"handball-ii-d-jugend","status":"publish","type":"post","link":"https:\/\/sw-osterfeine.de\/?p=23602","title":{"rendered":"Handball II D-Jugend"},"content":{"rendered":"<p>Unsere letztj\u00e4hrigen E-Jugend Kreismeister spielen dieses Jahr als II D-Jugend in der Regionsliga Nord 2. Nach intensiver Vorbereitung starteten wir ziemlich unwissend in die Saison, da wir als j\u00fcngerer Jahrgang keine wirkliche Ahnung hatten, was uns in der Regionsliga erwarten wird. Zun\u00e4chst aber freuten wir uns\u00a0sehr, dass wir mit Yvonne Rehling eine neue Betreuerin gefunden haben.<\/p>\n<p>Die beiden ersten Spiele konnten wir dann auch gleich gewinnen, so dass unsere M\u00e4dels bereits wieder von einem &#8222;Durchmarsch&#8220; tr\u00e4umten. Als wir dann aber gegen Lemf\u00f6rde I und Dinklage I spielen mussten, wurden wir wieder auf den Boden der Tatsachen zur\u00fcckgeholt.<\/p>\n<p>Insgesamt spielen leider nur 7 Mannschaften in unserer Staffel, so dass wir gleich 3 x gegen die jeweiligen Gegner spielen. Andererseits hat man so auch eine gute Gelegenheit, die ein oder andere Niederlage zu kompensieren.<\/p>\n<p>Einen ganz tollen Erfolg erlebten zwei unserer Spielerinnen. Aus insgesamt 50 gemeldeten M\u00e4dchen zu diversen Probetrainingseinheiten, wurden Greta B\u00f6ckmann und Zoe Hillmann in die Kreisauswahlmannschaft der Landkreise Vechta und Diepholz berufen. \u00a0\u00a0\u00a0\u00a0\u00a0\u00a0\u00a0\u00a0\u00a0\u00a0\u00a0\u00a0\u00a0\u00a0\u00a0\u00a0\u00a0\u00a0\u00a0\u00a0\u00a0\u00a0\u00a0\u00a0\u00a0\u00a0\u00a0\u00a0\u00a0\u00a0\u00a0\u00a0\u00a0\u00a0\u00a0\u00a0\u00a0\u00a0\u00a0\u00a0\u00a0\u00a0\u00a0\u00a0\u00a0\u00a0\u00a0\u00a0\u00a0\u00a0\u00a0\u00a0\u00a0\u00a0\u00a0\u00a0\u00a0\u00a0 Hier steht nun Anfang Januar das erste Turnier in Wilhelmshaven an, dr\u00fccken wir den Beiden die Daumen!<\/p>\n<p>Herzliche Gl\u00fcckw\u00fcnsche an unsere Trainerin Jutta Hillmann. F\u00fcr ihre vorbildliche Jugendarbeit (Jutta trainiert bereits seit 15 Jahren) und den tollen Erfolg der Kreismeisterschaft im letzten Jahr, wurde sie mit dem Ehrenamtspreis den Sportvereins ausgezeichnet.<\/p>\n<p>&nbsp;<\/p>\n<p>Hier die bisherigen Ergebnisse:<\/p>\n<p><em>OSV &#8211; HSG Barnstorf\/Diepholz<\/em> 12:8\u00a0\u00a0\u00a0\u00a0\u00a0\u00a0\u00a0\u00a0\u00a0\u00a0\u00a0\u00a0<em>SV Holdorf &#8211; OSV<\/em> 4:19\u00a0\u00a0 \u00a0 \u00a0 \u00a0 \u00a0 \u00a0 \u00a0 \u00a0 \u00a0 \u00a0 \u00a0 \u00a0\u00a0 <em>\u00a0 <\/em><em>OSV &#8211; TV Dinklage<\/em> 9:16\u00a0\u00a0 \u00a0 \u00a0 \u00a0\u00a0 <em>Tus Lemf\u00f6rde &#8211; OSV <\/em>15:8\u00a0\u00a0 \u00a0 \u00a0 \u00a0 \u00a0 \u00a0 \u00a0 \u00a0 \u00a0 \u00a0 \u00a0 \u00a0\u00a0\u00a0<em>BW Lohne II &#8211; OSV<\/em> 12:18\u00a0\u00a0 \u00a0 \u00a0 \u00a0 \u00a0 \u00a0 \u00a0\u00a0 <em>HSG Barnstorf\/Diepholz<\/em> &#8211; OSV 7:12<\/p>\n<p>Unser n\u00e4chstes Spiel bestreiten wir am kommenden Sonntag, um 15 Uhr in heimischer Halle gegen den SV Holdorf.<\/p>\n","protected":false},"excerpt":{"rendered":"<p>Unsere letztj\u00e4hrigen E-Jugend Kreismeister spielen dieses Jahr als II D-Jugend in der Regionsliga Nord 2. Nach intensiver Vorbereitung starteten wir ziemlich unwissend in die Saison, da wir als j\u00fcngerer Jahrgang keine wirkliche Ahnung hatten, was uns in der Regionsliga erwarten wird. Zun\u00e4chst aber freuten wir uns\u00a0sehr, dass wir mit Yvonne Rehling eine neue Betreuerin gefunden [&hellip;]<\/p>\n","protected":false},"author":3,"featured_media":0,"comment_status":"closed","ping_status":"closed","sticky":false,"template":"","format":"standard","meta":{"footnotes":""},"categories":[1],"tags":[],"_links":{"self":[{"href":"https:\/\/sw-osterfeine.de\/index.php?rest_route=\/wp\/v2\/posts\/23602"}],"collection":[{"href":"https:\/\/sw-osterfeine.de\/index.php?rest_route=\/wp\/v2\/posts"}],"about":[{"href":"https:\/\/sw-osterfeine.de\/index.php?rest_route=\/wp\/v2\/types\/post"}],"author":[{"embeddable":true,"href":"https:\/\/sw-osterfeine.de\/index.php?rest_route=\/wp\/v2\/users\/3"}],"replies":[{"embeddable":true,"href":"https:\/\/sw-osterfeine.de\/index.php?rest_route=%2Fwp%2Fv2%2Fcomments&post=23602"}],"version-history":[{"count":19,"href":"https:\/\/sw-osterfeine.de\/index.php?rest_route=\/wp\/v2\/posts\/23602\/revisions"}],"predecessor-version":[{"id":23621,"href":"https:\/\/sw-osterfeine.de\/index.php?rest_route=\/wp\/v2\/posts\/23602\/revisions\/23621"}],"wp:attachment":[{"href":"https:\/\/sw-osterfeine.de\/index.php?rest_route=%2Fwp%2Fv2%2Fmedia&parent=23602"}],"wp:term":[{"taxonomy":"category","embeddable":true,"href":"https:\/\/sw-osterfeine.de\/index.php?rest_route=%2Fwp%2Fv2%2Fcategories&post=23602"},{"taxonomy":"post_tag","embeddable":true,"href":"https:\/\/sw-osterfeine.de\/index.php?rest_route=%2Fwp%2Fv2%2Ftags&post=23602"}],"curies":[{"name":"wp","href":"https:\/\/api.w.org\/{rel}","templated":true}]}}