{"id":23685,"date":"2018-11-26T08:30:34","date_gmt":"2018-11-26T07:30:34","guid":{"rendered":"https:\/\/sw-osterfeine.de\/?p=23685"},"modified":"2018-11-26T08:30:34","modified_gmt":"2018-11-26T07:30:34","slug":"1-damenmannschaft-mit-heimniederlage-gegen-itterbeck","status":"publish","type":"post","link":"https:\/\/sw-osterfeine.de\/?p=23685","title":{"rendered":"1.Damenmannschaft mit Heimniederlage gegen Itterbeck"},"content":{"rendered":"<p>Leider fehlen uns aufgrund unserer Personalmisere momentan die Alternativen, die zu einem erfolgreichen Spiel zwingend notwendig sind. Wenn dann noch dazu kommt, dass die Fairness den gegnerischen Verantwortlichen ein Fremdwort ist, dann steht man auf verlorenem Posten.<\/p>\n<p>Vor den Hintergrund, dass wir mit unseren Verletzten und Angeschlagen derzeit ein eigenes Team stellen k\u00f6nnten, haben wir versucht (u.a.) das Spiel gegen Itterbeck zu verlegen. Leider hat der gegnerische Trainer eine Verlegung abgelehnt, und zwar mit Blick auf die eigene Tabellensituation (schlie\u00dflich k\u00f6nne \u201eein Nichtschwimmer einen Ertrinkenden nicht retten\u201c\u2026). Das hei\u00dft nichts anderes, als das man die ungl\u00fcckliche Situation des Gegners gerne annimmt, um Kapital daraus zu schlagen. Ich empfehle an dieser Stelle dem G\u00e4stetrainer einen Blick in das \u201eLexikon der Ethik im Sport\u201c \u2013 darin steht geschrieben \u201eFairness zeigt sich im Rahmen sportlicher Wettkampfhandlungen im Bem\u00fchen der Sportler\u2026.im Interesse der Chancengleichheit im Wettkampf weder unangemessene Vorteile anzunehmen, noch unangemessene Nachteile des Gegners auszunutzen\u201c. Ich kann mit Fug und Recht behaupten, dass wir einer entsprechenden Anfrage des Gegners zugestimmt h\u00e4tten!<\/p>\n<p>Also mussten wir am Samstag entgegen unseres Wunsches ran und haben uns personelle Unterst\u00fctzung aus der II. Damenmannschaft und der A-Jugend geholt \u2013 beide Mannschaften hatten allerdings an dem Tag schon ein komplettes Spiel in den Knochen. DANKE, dass es \u00fcberhaupt geklappt hat!!!<\/p>\n<p>Leider verschliefen wir dann auch noch den Start und lagen nach sechs Minuten bereits mit 1:7 hinten. Diesem R\u00fcckstand sind wir f\u00fcr den Rest des Spiels immer hinterhergelaufen. Dichter als beim 13:16 kamen wir nicht wieder heran. Nach der Pause mehrten sich bei uns wie schon in der Vorwoche die individuellen Fehler in der Abwehr, sodass wir nicht \u2013 wie geplant \u2013 unser Tempospiel der 2. Welle aufziehen konnten.<\/p>\n<p>Einen kleinen Lichtblick k\u00f6nnen wir dem Spiel dennoch entnehmen, denn bei Annika Kruthaup ist Licht am Ende des Tunnels erkennbar \u2013 sieben Monate nach Ihrer schweren Knieverletzung stand sie am Samstag wieder im Kader und wurde dabei f\u00fcr die 7-Meter aufs Feld geschickt. Hoffen wir mal, dass es bei ihr und den anderen Verletzten nun weiter aufw\u00e4rts geht und wir sp\u00e4testens ab Mitte \/ Ende Januar wieder mit der vollen Truppe an den Start gehen k\u00f6nnen. Bis dahin m\u00fcssen wir uns irgendwie weiter durchwurschteln\u2026<\/p>\n<p>Bis demn\u00e4chst dann wieder in der Halle!<\/p>\n","protected":false},"excerpt":{"rendered":"<p>Leider fehlen uns aufgrund unserer Personalmisere momentan die Alternativen, die zu einem erfolgreichen Spiel zwingend notwendig sind. Wenn dann noch dazu kommt, dass die Fairness den gegnerischen Verantwortlichen ein Fremdwort ist, dann steht man auf verlorenem Posten. Vor den Hintergrund, dass wir mit unseren Verletzten und Angeschlagen derzeit ein eigenes Team stellen k\u00f6nnten, haben wir [&hellip;]<\/p>\n","protected":false},"author":3,"featured_media":0,"comment_status":"closed","ping_status":"closed","sticky":false,"template":"","format":"standard","meta":{"footnotes":""},"categories":[1],"tags":[],"_links":{"self":[{"href":"https:\/\/sw-osterfeine.de\/index.php?rest_route=\/wp\/v2\/posts\/23685"}],"collection":[{"href":"https:\/\/sw-osterfeine.de\/index.php?rest_route=\/wp\/v2\/posts"}],"about":[{"href":"https:\/\/sw-osterfeine.de\/index.php?rest_route=\/wp\/v2\/types\/post"}],"author":[{"embeddable":true,"href":"https:\/\/sw-osterfeine.de\/index.php?rest_route=\/wp\/v2\/users\/3"}],"replies":[{"embeddable":true,"href":"https:\/\/sw-osterfeine.de\/index.php?rest_route=%2Fwp%2Fv2%2Fcomments&post=23685"}],"version-history":[{"count":1,"href":"https:\/\/sw-osterfeine.de\/index.php?rest_route=\/wp\/v2\/posts\/23685\/revisions"}],"predecessor-version":[{"id":23686,"href":"https:\/\/sw-osterfeine.de\/index.php?rest_route=\/wp\/v2\/posts\/23685\/revisions\/23686"}],"wp:attachment":[{"href":"https:\/\/sw-osterfeine.de\/index.php?rest_route=%2Fwp%2Fv2%2Fmedia&parent=23685"}],"wp:term":[{"taxonomy":"category","embeddable":true,"href":"https:\/\/sw-osterfeine.de\/index.php?rest_route=%2Fwp%2Fv2%2Fcategories&post=23685"},{"taxonomy":"post_tag","embeddable":true,"href":"https:\/\/sw-osterfeine.de\/index.php?rest_route=%2Fwp%2Fv2%2Ftags&post=23685"}],"curies":[{"name":"wp","href":"https:\/\/api.w.org\/{rel}","templated":true}]}}