{"id":23727,"date":"2018-12-03T08:19:46","date_gmt":"2018-12-03T07:19:46","guid":{"rendered":"https:\/\/sw-osterfeine.de\/?p=23727"},"modified":"2018-12-03T08:19:46","modified_gmt":"2018-12-03T07:19:46","slug":"1-damen-zeigt-beim-tabellenzweiten-moral","status":"publish","type":"post","link":"https:\/\/sw-osterfeine.de\/?p=23727","title":{"rendered":"1. Damen zeigt beim Tabellenzweiten Moral"},"content":{"rendered":"<p>Angesichts der bekannten Personalprobleme waren die Aussichten auf einen Erfolg beim Tabellenzweiten in Osnabr\u00fcck nat\u00fcrlich wenig bis gar nicht vorhanden, gleichwohl wollte sich die Mannschaft aber auch nicht vollends abschie\u00dfen lassen. Das ist dem Team am Samstag \u00fcber viele Strecken des Spiels auch gut gelungen.<\/p>\n<p>Uns war klar, dass die HSG nicht zu Unrecht in der Tabelle ganz weit oben zu finden ist. Das zeigte die Osnabr\u00fccker Truppe dann auch gleich zu Beginn und ging mit geh\u00f6rig viel Tempo ins Spiel. Nach nur wenig gespielten Minuten lagen wir schon 1:4 hinten. Aber dank einer guten Moral und der in der ersten H\u00e4lfte ordentlich arbeitenden Deckung gerieten wir nicht ganz so brutal in R\u00fcckstand und lie\u00dfen uns nicht absch\u00fctteln. Kurz vor der Pause lagen die Gastgeberinnen nur 9:7 in F\u00fchrung, konnten diese dann aber noch auf 11:7 ausbauen. Dieses Zwischenergebnis zeigt allerdings auch deutlich, woran es im ersten Abschnitt immer wieder scheiterte \u2013 wir mussten im Angriff einfach zu oft improvisieren.<\/p>\n<p>Das klappte dann in der zweiten Halbzeit deutlich besser, allerdings bekamen wir nun mit zunehmender Spieldauer immer mehr individuelle Abwehrprobleme, die eine in Bestbesetzung angetretene Mannschaft wie Osnabr\u00fcck dankend angenommen hat. Hier werden wir im Training wohl f\u00fcr die beiden letzten Spiele des Jahres den Hebel ansetzen m\u00fcssen.<\/p>\n<p>Dennoch gelang es uns, bis kurz vor Schluss in Sichtweite zum Gegner zu bleiben. Beim 23:18 f\u00fcr die HSG neigten sich allerdings unsere Reserven dem Ende entgegen. F\u00fcnf Abwehrfehler hintereinander lie\u00dfen am Ende kein besseres Ergebnis zu, wenngleich wir die beiden letzten Treffer des Spiels noch f\u00fcr uns verbuchen konnten.<\/p>\n<p>Jetzt wird es Zeit, dass sich unser Lazarett endlich lichtet. Mit etwas Gl\u00fcck ja vielleicht schon am kommenden Samstag\u2026warten wir es ab!<\/p>\n<p>Bis demn\u00e4chst dann in der Halle!<\/p>\n","protected":false},"excerpt":{"rendered":"<p>Angesichts der bekannten Personalprobleme waren die Aussichten auf einen Erfolg beim Tabellenzweiten in Osnabr\u00fcck nat\u00fcrlich wenig bis gar nicht vorhanden, gleichwohl wollte sich die Mannschaft aber auch nicht vollends abschie\u00dfen lassen. Das ist dem Team am Samstag \u00fcber viele Strecken des Spiels auch gut gelungen. Uns war klar, dass die HSG nicht zu Unrecht in [&hellip;]<\/p>\n","protected":false},"author":3,"featured_media":0,"comment_status":"closed","ping_status":"closed","sticky":false,"template":"","format":"standard","meta":{"footnotes":""},"categories":[1],"tags":[],"_links":{"self":[{"href":"https:\/\/sw-osterfeine.de\/index.php?rest_route=\/wp\/v2\/posts\/23727"}],"collection":[{"href":"https:\/\/sw-osterfeine.de\/index.php?rest_route=\/wp\/v2\/posts"}],"about":[{"href":"https:\/\/sw-osterfeine.de\/index.php?rest_route=\/wp\/v2\/types\/post"}],"author":[{"embeddable":true,"href":"https:\/\/sw-osterfeine.de\/index.php?rest_route=\/wp\/v2\/users\/3"}],"replies":[{"embeddable":true,"href":"https:\/\/sw-osterfeine.de\/index.php?rest_route=%2Fwp%2Fv2%2Fcomments&post=23727"}],"version-history":[{"count":3,"href":"https:\/\/sw-osterfeine.de\/index.php?rest_route=\/wp\/v2\/posts\/23727\/revisions"}],"predecessor-version":[{"id":23730,"href":"https:\/\/sw-osterfeine.de\/index.php?rest_route=\/wp\/v2\/posts\/23727\/revisions\/23730"}],"wp:attachment":[{"href":"https:\/\/sw-osterfeine.de\/index.php?rest_route=%2Fwp%2Fv2%2Fmedia&parent=23727"}],"wp:term":[{"taxonomy":"category","embeddable":true,"href":"https:\/\/sw-osterfeine.de\/index.php?rest_route=%2Fwp%2Fv2%2Fcategories&post=23727"},{"taxonomy":"post_tag","embeddable":true,"href":"https:\/\/sw-osterfeine.de\/index.php?rest_route=%2Fwp%2Fv2%2Ftags&post=23727"}],"curies":[{"name":"wp","href":"https:\/\/api.w.org\/{rel}","templated":true}]}}