{"id":23750,"date":"2018-12-20T10:04:46","date_gmt":"2018-12-20T09:04:46","guid":{"rendered":"https:\/\/sw-osterfeine.de\/?p=23750"},"modified":"2018-12-20T10:04:46","modified_gmt":"2018-12-20T09:04:46","slug":"sparkassen-cup-2018","status":"publish","type":"post","link":"https:\/\/sw-osterfeine.de\/?p=23750","title":{"rendered":"Sparkassen Cup 2018"},"content":{"rendered":"<p>Der Sparkassencup ist nunmehr zum vierzehnten Mal mit der Abschlussveranstaltung in Alfhausen erfolgreich beendet worden. An den 12 Wertungsl\u00e4ufen haben wieder zahlreiche L\u00e4ufer und L\u00e4uferinnen teilgenommen. Es waren insgesamt 152 L\u00e4uferinnen und 177 L\u00e4ufer f\u00fcr den Cup gemeldet.<\/p>\n<p>Es konnte wieder auf \u00a012 abwechslungsreiche strecken gelaufen werden, wo asphaltierten Stra\u00dfen, Feldwegen und Waldstrecken im Angebot waren. Es standen schnelle Rundkurse auf asphaltierten Stra\u00dfen, sowie Strecken auf Feld und Waldwegen und Kurse mit einigen H\u00f6henmetern auf dem Plan. Der sehr hei\u00dfe Sommer sorgte daf\u00fcr, dass an so mancher Strecke Gartensprenger und Wannen mit Wasser zwecks Abk\u00fchlung zu finden waren.<\/p>\n<p>Die L\u00e4ufe waren mal wieder sehr gut organisiert und es war sch\u00f6n zu sehen, das auch zahlreiche Kinder bei den Sch\u00fclerl\u00e4ufen am Start waren. Sehr sch\u00f6n ist auch immer das gem\u00fctliche Beisammensein der L\u00e4ufer und L\u00e4uferinnen bei Kaffee und Kuchen. Es darf\u00a0 an einem \u00fcppigen Kuchen B\u00fcfett zu kleinen Preisen\u00a0 aus zahlreichen Kuchen und Torten gew\u00e4hlt werden.<\/p>\n<p>Nach den L\u00e4ufen erfolgt die Siegerehrung nach Pl\u00e4tzen und Altersklassen, wo\u00a0 immer zahlreiche und sch\u00f6ne Preise sowie Urkunden ausgegeben werden. Als Besonderheit gibt es noch eine Wertung nach Team.<\/p>\n<p>In dieser Saison haben vier Mitglieder vom Lauftreff SW Osterfeine erfolgreich am Sparkassen Cup teilgenommen.<\/p>\n<p>Sparkassen Cup Gesamtwertung<\/p>\n<p>Franz Steinkamp\u00a0\u00a0\u00a0\u00a0\u00a0\u00a0\u00a0\u00a0\u00a0\u00a0\u00a0\u00a0 Platz 18 Gesamt\u00a0\u00a0\u00a0\u00a0\u00a0\u00a0\u00a0\u00a0\u00a0\u00a0\u00a0\u00a0\u00a0\u00a0 Platz 1 \u00a0\u00a0(AK M\u00e4nner 50-54) \u00a0von 46 L\u00e4ufern<\/p>\n<p>Olaf Dickmajer\u00a0\u00a0\u00a0\u00a0\u00a0\u00a0\u00a0\u00a0\u00a0\u00a0\u00a0\u00a0\u00a0\u00a0\u00a0\u00a0 \u00a0\u00a0\u00a0\u00a0\u00a0\u00a0\u00a0\u00a0\u00a0\u00a0\u00a0\u00a0\u00a0\u00a0\u00a0 &#8211;\u00a0\u00a0\u00a0\u00a0\u00a0\u00a0\u00a0\u00a0\u00a0\u00a0\u00a0\u00a0\u00a0\u00a0\u00a0\u00a0\u00a0\u00a0\u00a0\u00a0\u00a0\u00a0\u00a0\u00a0\u00a0\u00a0\u00a0\u00a0\u00a0 Platz 10 (AK M\u00e4nner 45-49) \u00a0von 52 L\u00e4ufern<\/p>\n<p>Jannik Steinkamp\u00a0\u00a0\u00a0\u00a0\u00a0\u00a0\u00a0\u00a0\u00a0\u00a0\u00a0\u00a0\u00a0\u00a0\u00a0\u00a0\u00a0\u00a0\u00a0\u00a0\u00a0\u00a0\u00a0\u00a0\u00a0\u00a0 &#8211;\u00a0\u00a0\u00a0\u00a0\u00a0\u00a0\u00a0\u00a0\u00a0\u00a0\u00a0\u00a0\u00a0\u00a0\u00a0\u00a0\u00a0\u00a0\u00a0\u00a0\u00a0\u00a0\u00a0\u00a0\u00a0\u00a0\u00a0\u00a0\u00a0 Platz 4\u00a0\u00a0 (AK M\u00e4nner 17)\u00a0\u00a0\u00a0\u00a0\u00a0 \u00a0von 67 L\u00e4ufern<\/p>\n<p>Dennis Steinkamp\u00a0\u00a0\u00a0\u00a0\u00a0\u00a0\u00a0\u00a0\u00a0\u00a0\u00a0\u00a0\u00a0\u00a0\u00a0\u00a0\u00a0\u00a0\u00a0\u00a0\u00a0\u00a0\u00a0\u00a0\u00a0 &#8211;\u00a0\u00a0\u00a0\u00a0\u00a0\u00a0\u00a0\u00a0\u00a0\u00a0\u00a0\u00a0\u00a0\u00a0\u00a0\u00a0\u00a0\u00a0\u00a0\u00a0\u00a0\u00a0\u00a0\u00a0\u00a0\u00a0\u00a0\u00a0\u00a0 Platz 4\u00a0 (AK M\u00e4nner 18+19) von 13 L\u00e4ufern<\/p>\n\n\t\t<style type=\"text\/css\">\n\t\t\t#gallery-1 {\n\t\t\t\tmargin: auto;\n\t\t\t}\n\t\t\t#gallery-1 .gallery-item {\n\t\t\t\tfloat: left;\n\t\t\t\tmargin-top: 10px;\n\t\t\t\ttext-align: center;\n\t\t\t\twidth: 50%;\n\t\t\t}\n\t\t\t#gallery-1 img {\n\t\t\t\tborder: 2px solid #cfcfcf;\n\t\t\t}\n\t\t\t#gallery-1 .gallery-caption {\n\t\t\t\tmargin-left: 0;\n\t\t\t}\n\t\t\t\/* see gallery_shortcode() in wp-includes\/media.php *\/\n\t\t<\/style>\n\t\t<div id='gallery-1' class='gallery galleryid-23750 gallery-columns-2 gallery-size-medium'><dl class='gallery-item'>\n\t\t\t<dt class='gallery-icon portrait'>\n\t\t\t\t<a href='https:\/\/sw-osterfeine.de\/wp-content\/uploads\/2018\/12\/eggermuehlen2.jpg' title=\"\" data-rl_title=\"\" class=\"rl-gallery-link\" data-rl_caption=\"\" data-rel=\"lightbox-gallery-1\"><img loading=\"lazy\" decoding=\"async\" width=\"200\" height=\"300\" src=\"https:\/\/sw-osterfeine.de\/wp-content\/uploads\/2018\/12\/eggermuehlen2-200x300.jpg\" class=\"attachment-medium size-medium\" alt=\"\" srcset=\"https:\/\/sw-osterfeine.de\/wp-content\/uploads\/2018\/12\/eggermuehlen2-200x300.jpg 200w, https:\/\/sw-osterfeine.de\/wp-content\/uploads\/2018\/12\/eggermuehlen2.jpg 532w\" sizes=\"(max-width: 200px) 100vw, 200px\" \/><\/a>\n\t\t\t<\/dt><\/dl><dl class='gallery-item'>\n\t\t\t<dt class='gallery-icon portrait'>\n\t\t\t\t<a href='https:\/\/sw-osterfeine.de\/wp-content\/uploads\/2018\/12\/eggermuehlen1.jpg' title=\"\" data-rl_title=\"\" class=\"rl-gallery-link\" data-rl_caption=\"\" data-rel=\"lightbox-gallery-1\"><img loading=\"lazy\" decoding=\"async\" width=\"200\" height=\"300\" src=\"https:\/\/sw-osterfeine.de\/wp-content\/uploads\/2018\/12\/eggermuehlen1-200x300.jpg\" class=\"attachment-medium size-medium\" alt=\"\" srcset=\"https:\/\/sw-osterfeine.de\/wp-content\/uploads\/2018\/12\/eggermuehlen1-200x300.jpg 200w, https:\/\/sw-osterfeine.de\/wp-content\/uploads\/2018\/12\/eggermuehlen1.jpg 532w\" sizes=\"(max-width: 200px) 100vw, 200px\" \/><\/a>\n\t\t\t<\/dt><\/dl><br style=\"clear: both\" \/><dl class='gallery-item'>\n\t\t\t<dt class='gallery-icon portrait'>\n\t\t\t\t<a href='https:\/\/sw-osterfeine.de\/wp-content\/uploads\/2018\/12\/fuerstenau.jpg' title=\"\" data-rl_title=\"\" class=\"rl-gallery-link\" data-rl_caption=\"\" data-rel=\"lightbox-gallery-1\"><img loading=\"lazy\" decoding=\"async\" width=\"200\" height=\"300\" src=\"https:\/\/sw-osterfeine.de\/wp-content\/uploads\/2018\/12\/fuerstenau-200x300.jpg\" class=\"attachment-medium size-medium\" alt=\"\" srcset=\"https:\/\/sw-osterfeine.de\/wp-content\/uploads\/2018\/12\/fuerstenau-200x300.jpg 200w, https:\/\/sw-osterfeine.de\/wp-content\/uploads\/2018\/12\/fuerstenau.jpg 533w\" sizes=\"(max-width: 200px) 100vw, 200px\" \/><\/a>\n\t\t\t<\/dt><\/dl><dl class='gallery-item'>\n\t\t\t<dt class='gallery-icon landscape'>\n\t\t\t\t<a href='https:\/\/sw-osterfeine.de\/wp-content\/uploads\/2018\/12\/gehrde2018.jpg' title=\"\" data-rl_title=\"\" class=\"rl-gallery-link\" data-rl_caption=\"\" data-rel=\"lightbox-gallery-1\"><img loading=\"lazy\" decoding=\"async\" width=\"300\" height=\"200\" src=\"https:\/\/sw-osterfeine.de\/wp-content\/uploads\/2018\/12\/gehrde2018-300x200.jpg\" class=\"attachment-medium size-medium\" alt=\"\" srcset=\"https:\/\/sw-osterfeine.de\/wp-content\/uploads\/2018\/12\/gehrde2018-300x200.jpg 300w, https:\/\/sw-osterfeine.de\/wp-content\/uploads\/2018\/12\/gehrde2018-768x512.jpg 768w, https:\/\/sw-osterfeine.de\/wp-content\/uploads\/2018\/12\/gehrde2018.jpg 1000w\" sizes=\"(max-width: 300px) 100vw, 300px\" \/><\/a>\n\t\t\t<\/dt><\/dl><br style=\"clear: both\" \/><dl class='gallery-item'>\n\t\t\t<dt class='gallery-icon landscape'>\n\t\t\t\t<a href='https:\/\/sw-osterfeine.de\/wp-content\/uploads\/2018\/12\/Abendlauf.jpg' title=\"\" data-rl_title=\"\" class=\"rl-gallery-link\" data-rl_caption=\"\" data-rel=\"lightbox-gallery-1\"><img loading=\"lazy\" decoding=\"async\" width=\"300\" height=\"200\" src=\"https:\/\/sw-osterfeine.de\/wp-content\/uploads\/2018\/12\/Abendlauf-300x200.jpg\" class=\"attachment-medium size-medium\" alt=\"\" srcset=\"https:\/\/sw-osterfeine.de\/wp-content\/uploads\/2018\/12\/Abendlauf-300x200.jpg 300w, https:\/\/sw-osterfeine.de\/wp-content\/uploads\/2018\/12\/Abendlauf-768x512.jpg 768w, https:\/\/sw-osterfeine.de\/wp-content\/uploads\/2018\/12\/Abendlauf.jpg 1000w\" sizes=\"(max-width: 300px) 100vw, 300px\" \/><\/a>\n\t\t\t<\/dt><\/dl><dl class='gallery-item'>\n\t\t\t<dt class='gallery-icon landscape'>\n\t\t\t\t<a href='https:\/\/sw-osterfeine.de\/wp-content\/uploads\/2018\/12\/haselauf2018.jpg' title=\"\" data-rl_title=\"\" class=\"rl-gallery-link\" data-rl_caption=\"\" data-rel=\"lightbox-gallery-1\"><img loading=\"lazy\" decoding=\"async\" width=\"300\" height=\"200\" src=\"https:\/\/sw-osterfeine.de\/wp-content\/uploads\/2018\/12\/haselauf2018-300x200.jpg\" class=\"attachment-medium size-medium\" alt=\"\" srcset=\"https:\/\/sw-osterfeine.de\/wp-content\/uploads\/2018\/12\/haselauf2018-300x200.jpg 300w, https:\/\/sw-osterfeine.de\/wp-content\/uploads\/2018\/12\/haselauf2018-768x513.jpg 768w, https:\/\/sw-osterfeine.de\/wp-content\/uploads\/2018\/12\/haselauf2018.jpg 800w\" sizes=\"(max-width: 300px) 100vw, 300px\" \/><\/a>\n\t\t\t<\/dt><\/dl><br style=\"clear: both\" \/>\n\t\t<\/div>\n\n","protected":false},"excerpt":{"rendered":"<p>Der Sparkassencup ist nunmehr zum vierzehnten Mal mit der Abschlussveranstaltung in Alfhausen erfolgreich beendet worden. An den 12 Wertungsl\u00e4ufen haben wieder zahlreiche L\u00e4ufer und L\u00e4uferinnen teilgenommen. Es waren insgesamt 152 L\u00e4uferinnen und 177 L\u00e4ufer f\u00fcr den Cup gemeldet. Es konnte wieder auf \u00a012 abwechslungsreiche strecken gelaufen werden, wo asphaltierten Stra\u00dfen, Feldwegen und Waldstrecken im Angebot [&hellip;]<\/p>\n","protected":false},"author":3,"featured_media":0,"comment_status":"closed","ping_status":"closed","sticky":false,"template":"","format":"standard","meta":{"footnotes":""},"categories":[38],"tags":[],"_links":{"self":[{"href":"https:\/\/sw-osterfeine.de\/index.php?rest_route=\/wp\/v2\/posts\/23750"}],"collection":[{"href":"https:\/\/sw-osterfeine.de\/index.php?rest_route=\/wp\/v2\/posts"}],"about":[{"href":"https:\/\/sw-osterfeine.de\/index.php?rest_route=\/wp\/v2\/types\/post"}],"author":[{"embeddable":true,"href":"https:\/\/sw-osterfeine.de\/index.php?rest_route=\/wp\/v2\/users\/3"}],"replies":[{"embeddable":true,"href":"https:\/\/sw-osterfeine.de\/index.php?rest_route=%2Fwp%2Fv2%2Fcomments&post=23750"}],"version-history":[{"count":3,"href":"https:\/\/sw-osterfeine.de\/index.php?rest_route=\/wp\/v2\/posts\/23750\/revisions"}],"predecessor-version":[{"id":23759,"href":"https:\/\/sw-osterfeine.de\/index.php?rest_route=\/wp\/v2\/posts\/23750\/revisions\/23759"}],"wp:attachment":[{"href":"https:\/\/sw-osterfeine.de\/index.php?rest_route=%2Fwp%2Fv2%2Fmedia&parent=23750"}],"wp:term":[{"taxonomy":"category","embeddable":true,"href":"https:\/\/sw-osterfeine.de\/index.php?rest_route=%2Fwp%2Fv2%2Fcategories&post=23750"},{"taxonomy":"post_tag","embeddable":true,"href":"https:\/\/sw-osterfeine.de\/index.php?rest_route=%2Fwp%2Fv2%2Ftags&post=23750"}],"curies":[{"name":"wp","href":"https:\/\/api.w.org\/{rel}","templated":true}]}}