{"id":23770,"date":"2018-12-24T12:28:54","date_gmt":"2018-12-24T11:28:54","guid":{"rendered":"https:\/\/sw-osterfeine.de\/?p=23770"},"modified":"2018-12-24T12:28:54","modified_gmt":"2018-12-24T11:28:54","slug":"ein-kleines-dankeschoen-zu-weihnachten","status":"publish","type":"post","link":"https:\/\/sw-osterfeine.de\/?p=23770","title":{"rendered":"Ein kleines Dankesch\u00f6n zu Weihnachten!!"},"content":{"rendered":"<p>Die besinnlichen Tage zur Weihnachtszeit 2018 m\u00f6chte der Sportverein SW Osterfeine einmal nutzen, um ein besonders gro\u00dfes Dankesch\u00f6n an einen unendlich verdienten OSVer auszusprechen. Angefangen als junger talentierter Jugendfu\u00dfballer fand er schnell den Weg in unsere 1. Herrenmannschaft, absolvierte \u00fcber 200 Punktspiele mit 41 Toren. Kompliment!! Doch unser Fu\u00dfballer zog sich nicht in sein Privatleben zur\u00fcck, sondern \u00fcbernahm als junger Sportler eine \u00fcberragende Position in unserem Verein. Auf der Generalversammlung 1998 wurde Ulrich Lampe zum Kassenwart von SW Osterfeine gew\u00e4hlt. Dieses arbeitsintensive Ehrenamt \u00fcbt Uli bis zum heutigen Tag ohne Unterbrechung aus. Zus\u00e4tzlich \u00fcbernahm er in einer wichtigen Phase noch zus\u00e4tzlich Aufgaben in unserer Jugendabteilung. \u00dcber 20 Jahre Kassenwart in einem Verein mit \u00fcber 1600 Mitgliedern sind eine \u00fcberragende Leistung f\u00fcr unseren Verein. Hierbei zeichnete sich Uli ausnahmslos durch seine ruhige, \u00fcberlegte, freundliche, zuverl\u00e4ssige und nachhaltige Art aus.<\/p>\n<p>Der Sportverein SW Osterfeine bedankt sich ganz herzlich f\u00fcr die geleistete Arbeit. Viele Politiker und auch viele B\u00fcrger sprechen \u00fcber das Ehrenamt, was sicherlich auch gut ist. Aber \u00fcberragend ist, wer dem Ehrenamt einen Namen gibt. Uli Lampe steht seit \u00fcber 20 Jahren f\u00fcr das Ehrenamt und f\u00fcr den Sportverein Schwarz-Wei\u00df Osterfeine!!<\/p>\n<p>Vielen, vielen Dank, Uli.<\/p>\n<p><a href=\"https:\/\/sw-osterfeine.de\/wp-content\/uploads\/2018\/12\/Uli-Lampe.jpg\" data-rel=\"lightbox-image-0\" data-rl_title=\"\" data-rl_caption=\"\" title=\"\"><img loading=\"lazy\" decoding=\"async\" class=\"alignleft size-medium wp-image-23771\" src=\"https:\/\/sw-osterfeine.de\/wp-content\/uploads\/2018\/12\/Uli-Lampe-300x225.jpg\" alt=\"\" width=\"300\" height=\"225\" srcset=\"https:\/\/sw-osterfeine.de\/wp-content\/uploads\/2018\/12\/Uli-Lampe-300x225.jpg 300w, https:\/\/sw-osterfeine.de\/wp-content\/uploads\/2018\/12\/Uli-Lampe.jpg 500w\" sizes=\"(max-width: 300px) 100vw, 300px\" \/><\/a><\/p>\n","protected":false},"excerpt":{"rendered":"<p>Die besinnlichen Tage zur Weihnachtszeit 2018 m\u00f6chte der Sportverein SW Osterfeine einmal nutzen, um ein besonders gro\u00dfes Dankesch\u00f6n an einen unendlich verdienten OSVer auszusprechen. Angefangen als junger talentierter Jugendfu\u00dfballer fand er schnell den Weg in unsere 1. Herrenmannschaft, absolvierte \u00fcber 200 Punktspiele mit 41 Toren. Kompliment!! Doch unser Fu\u00dfballer zog sich nicht in sein Privatleben [&hellip;]<\/p>\n","protected":false},"author":3,"featured_media":0,"comment_status":"closed","ping_status":"closed","sticky":false,"template":"","format":"standard","meta":{"footnotes":""},"categories":[37],"tags":[],"_links":{"self":[{"href":"https:\/\/sw-osterfeine.de\/index.php?rest_route=\/wp\/v2\/posts\/23770"}],"collection":[{"href":"https:\/\/sw-osterfeine.de\/index.php?rest_route=\/wp\/v2\/posts"}],"about":[{"href":"https:\/\/sw-osterfeine.de\/index.php?rest_route=\/wp\/v2\/types\/post"}],"author":[{"embeddable":true,"href":"https:\/\/sw-osterfeine.de\/index.php?rest_route=\/wp\/v2\/users\/3"}],"replies":[{"embeddable":true,"href":"https:\/\/sw-osterfeine.de\/index.php?rest_route=%2Fwp%2Fv2%2Fcomments&post=23770"}],"version-history":[{"count":1,"href":"https:\/\/sw-osterfeine.de\/index.php?rest_route=\/wp\/v2\/posts\/23770\/revisions"}],"predecessor-version":[{"id":23772,"href":"https:\/\/sw-osterfeine.de\/index.php?rest_route=\/wp\/v2\/posts\/23770\/revisions\/23772"}],"wp:attachment":[{"href":"https:\/\/sw-osterfeine.de\/index.php?rest_route=%2Fwp%2Fv2%2Fmedia&parent=23770"}],"wp:term":[{"taxonomy":"category","embeddable":true,"href":"https:\/\/sw-osterfeine.de\/index.php?rest_route=%2Fwp%2Fv2%2Fcategories&post=23770"},{"taxonomy":"post_tag","embeddable":true,"href":"https:\/\/sw-osterfeine.de\/index.php?rest_route=%2Fwp%2Fv2%2Ftags&post=23770"}],"curies":[{"name":"wp","href":"https:\/\/api.w.org\/{rel}","templated":true}]}}