{"id":23773,"date":"2018-12-24T12:33:35","date_gmt":"2018-12-24T11:33:35","guid":{"rendered":"https:\/\/sw-osterfeine.de\/?p=23773"},"modified":"2018-12-24T12:36:00","modified_gmt":"2018-12-24T11:36:00","slug":"der-sportverein-schwarz-weiss-osterfeine-wuenscht-allen-mitgliedern-und-vereinsfreunden-ein-frohes-und-gesundes-weihnachtsfest","status":"publish","type":"post","link":"https:\/\/sw-osterfeine.de\/?p=23773","title":{"rendered":"SW Osterfeine w\u00fcnscht frohe Weihnachten!"},"content":{"rendered":"<p>Der Sportverein Schwarz-Wei\u00df Osterfeine w\u00fcnscht allen Mitgliedern und Vereinsfreunden ein frohes und gesundes Weihnachtsfest!!!!<\/p>\n<p>Schwarz-Wei\u00df Osterfeine bedankt sich ganz herzlich bei allen Mitgliedern f\u00fcr die sportlichen Leistungen und das gezeigte Engagement. SW Osterfeine sagt \u201eDanke\u201c f\u00fcr den ehrenamtlichen Einsatz aller Trainer, Betreuer, Schiedsrichter, Helfer, F\u00f6rderer, Unterst\u00fctzer usw.. Wir sagen Danke f\u00fcr die Hilfe und Unterst\u00fctzung durch die Stadt Damme, f\u00fcr die gute Zusammenarbeit mit diversen Beh\u00f6rden und Stiftungen, \u00a0besonders durch die hiesigen Firmen und durch viele Einzelpersonen, wir sagen Danke f\u00fcr die gute Zusammenarbeit mit den Grundschulen Osterfeine und R\u00fcschendorf, f\u00fcr die tolle Zusammenarbeit mit vielen \u00f6rtlichen Vereinen, sagen Danke f\u00fcr die Arbeit der hiesigen Handwerker bei diversen OSV-Aktivit\u00e4ten usw., usw.<\/p>\n<p>Der Sportverein SW Osterfeine w\u00fcrde sich auch f\u00fcr das Jahr 2019 \u00fcber die Fortsetzung der bisherigen Zusammenarbeit freuen.<\/p>\n<p>&nbsp;<\/p>\n<p>Der Vorstand<\/p>\n<p>SW Osterfeine<\/p>\n<p><a href=\"https:\/\/sw-osterfeine.de\/wp-content\/uploads\/2018\/12\/frohe-weihnachten.jpg\" data-rel=\"lightbox-image-0\" data-rl_title=\"\" data-rl_caption=\"\" title=\"\"><img loading=\"lazy\" decoding=\"async\" class=\"alignleft wp-image-23774\" src=\"https:\/\/sw-osterfeine.de\/wp-content\/uploads\/2018\/12\/frohe-weihnachten-300x164.jpg\" alt=\"\" width=\"351\" height=\"192\" srcset=\"https:\/\/sw-osterfeine.de\/wp-content\/uploads\/2018\/12\/frohe-weihnachten-300x164.jpg 300w, https:\/\/sw-osterfeine.de\/wp-content\/uploads\/2018\/12\/frohe-weihnachten.jpg 529w\" sizes=\"(max-width: 351px) 100vw, 351px\" \/><\/a><\/p>\n","protected":false},"excerpt":{"rendered":"<p>Der Sportverein Schwarz-Wei\u00df Osterfeine w\u00fcnscht allen Mitgliedern und Vereinsfreunden ein frohes und gesundes Weihnachtsfest!!!! Schwarz-Wei\u00df Osterfeine bedankt sich ganz herzlich bei allen Mitgliedern f\u00fcr die sportlichen Leistungen und das gezeigte Engagement. SW Osterfeine sagt \u201eDanke\u201c f\u00fcr den ehrenamtlichen Einsatz aller Trainer, Betreuer, Schiedsrichter, Helfer, F\u00f6rderer, Unterst\u00fctzer usw.. Wir sagen Danke f\u00fcr die Hilfe und Unterst\u00fctzung [&hellip;]<\/p>\n","protected":false},"author":3,"featured_media":0,"comment_status":"closed","ping_status":"closed","sticky":false,"template":"","format":"standard","meta":{"footnotes":""},"categories":[37],"tags":[],"_links":{"self":[{"href":"https:\/\/sw-osterfeine.de\/index.php?rest_route=\/wp\/v2\/posts\/23773"}],"collection":[{"href":"https:\/\/sw-osterfeine.de\/index.php?rest_route=\/wp\/v2\/posts"}],"about":[{"href":"https:\/\/sw-osterfeine.de\/index.php?rest_route=\/wp\/v2\/types\/post"}],"author":[{"embeddable":true,"href":"https:\/\/sw-osterfeine.de\/index.php?rest_route=\/wp\/v2\/users\/3"}],"replies":[{"embeddable":true,"href":"https:\/\/sw-osterfeine.de\/index.php?rest_route=%2Fwp%2Fv2%2Fcomments&post=23773"}],"version-history":[{"count":3,"href":"https:\/\/sw-osterfeine.de\/index.php?rest_route=\/wp\/v2\/posts\/23773\/revisions"}],"predecessor-version":[{"id":23777,"href":"https:\/\/sw-osterfeine.de\/index.php?rest_route=\/wp\/v2\/posts\/23773\/revisions\/23777"}],"wp:attachment":[{"href":"https:\/\/sw-osterfeine.de\/index.php?rest_route=%2Fwp%2Fv2%2Fmedia&parent=23773"}],"wp:term":[{"taxonomy":"category","embeddable":true,"href":"https:\/\/sw-osterfeine.de\/index.php?rest_route=%2Fwp%2Fv2%2Fcategories&post=23773"},{"taxonomy":"post_tag","embeddable":true,"href":"https:\/\/sw-osterfeine.de\/index.php?rest_route=%2Fwp%2Fv2%2Ftags&post=23773"}],"curies":[{"name":"wp","href":"https:\/\/api.w.org\/{rel}","templated":true}]}}