{"id":23815,"date":"2019-01-09T11:48:31","date_gmt":"2019-01-09T10:48:31","guid":{"rendered":"https:\/\/sw-osterfeine.de\/?p=23815"},"modified":"2019-01-09T11:48:31","modified_gmt":"2019-01-09T10:48:31","slug":"neues-vom-osv-5","status":"publish","type":"post","link":"https:\/\/sw-osterfeine.de\/?p=23815","title":{"rendered":"Neues vom OSV!!!"},"content":{"rendered":"\n<p>Mit Jan-Bernd Pohlschneider, Michael Riesenbeck, Jens Lapke, Freddy Meyer und Robert Decker haben 5 Fu\u00dfballer aus unserem Verein zwischen den Feiertagen die Ausbildung zur Trainer C-Lizenz begonnen. Ein Kompliment an die Absolventen. Wir w\u00fcnschen Euch viel Spa\u00df bei der Ausbildung.<\/p>\n\n\n\n<p>Andreas und Hiltrud Espelage beenden zum Ende der laufenden Serie ihr Traineramt bei unserer I-Handballdamenmannschaft. Der OSV sagt schon jetzt Danke f\u00fcr die geleistete Arbeit und w\u00fcnscht Trainerteam und Mannschaft viel Spa\u00df und den erhofften sportlichen Erfolg in der R\u00fcckrunde. <\/p>\n\n\n\n<p>Derzeit findet in Osterfeine bzw. in Lutten der neue Schiedsrichteranw\u00e4rterlehrgang statt. Leider konnte der OSV in diesem Jahr keinen Anw\u00e4rter aus seinem Verein f\u00fcr die Schiedsrichtert\u00e4tigkeit gewinnen.<\/p>\n\n\n\n<p>Am Freitag, den 1.3.2019 findet um 20.00 Uhr im Saalbetrieb Fangmann unsere diesj\u00e4hrige Generalversammlung statt. Auf der Tagesordnung steht u.a. die Neuwahl des gesamten Vorstandes. Da in diesem Jahr mehrere Mitglieder aus dem Vorstand ausscheiden, bitten wir Euch, \u00fcber eine Beteiligung in der Vorstandsarbeit oder in den Abteilungen oder im Hintergrund des Vereines nachzudenken. Meldet Euch bei den Verantwortlichen und arbeitet mit an der Zukunft <em>Eures<\/em> Vereines.<\/p>\n","protected":false},"excerpt":{"rendered":"<p>Mit Jan-Bernd Pohlschneider, Michael Riesenbeck, Jens Lapke, Freddy Meyer und Robert Decker haben 5 Fu\u00dfballer aus unserem Verein zwischen den Feiertagen die Ausbildung zur Trainer C-Lizenz begonnen. Ein Kompliment an die Absolventen. Wir w\u00fcnschen Euch viel Spa\u00df bei der Ausbildung. Andreas und Hiltrud Espelage beenden zum Ende der laufenden Serie ihr Traineramt bei unserer I-Handballdamenmannschaft. [&hellip;]<\/p>\n","protected":false},"author":3,"featured_media":0,"comment_status":"closed","ping_status":"closed","sticky":false,"template":"","format":"standard","meta":{"footnotes":""},"categories":[37],"tags":[],"_links":{"self":[{"href":"https:\/\/sw-osterfeine.de\/index.php?rest_route=\/wp\/v2\/posts\/23815"}],"collection":[{"href":"https:\/\/sw-osterfeine.de\/index.php?rest_route=\/wp\/v2\/posts"}],"about":[{"href":"https:\/\/sw-osterfeine.de\/index.php?rest_route=\/wp\/v2\/types\/post"}],"author":[{"embeddable":true,"href":"https:\/\/sw-osterfeine.de\/index.php?rest_route=\/wp\/v2\/users\/3"}],"replies":[{"embeddable":true,"href":"https:\/\/sw-osterfeine.de\/index.php?rest_route=%2Fwp%2Fv2%2Fcomments&post=23815"}],"version-history":[{"count":1,"href":"https:\/\/sw-osterfeine.de\/index.php?rest_route=\/wp\/v2\/posts\/23815\/revisions"}],"predecessor-version":[{"id":23816,"href":"https:\/\/sw-osterfeine.de\/index.php?rest_route=\/wp\/v2\/posts\/23815\/revisions\/23816"}],"wp:attachment":[{"href":"https:\/\/sw-osterfeine.de\/index.php?rest_route=%2Fwp%2Fv2%2Fmedia&parent=23815"}],"wp:term":[{"taxonomy":"category","embeddable":true,"href":"https:\/\/sw-osterfeine.de\/index.php?rest_route=%2Fwp%2Fv2%2Fcategories&post=23815"},{"taxonomy":"post_tag","embeddable":true,"href":"https:\/\/sw-osterfeine.de\/index.php?rest_route=%2Fwp%2Fv2%2Ftags&post=23815"}],"curies":[{"name":"wp","href":"https:\/\/api.w.org\/{rel}","templated":true}]}}