{"id":24232,"date":"2019-01-21T09:44:38","date_gmt":"2019-01-21T08:44:38","guid":{"rendered":"https:\/\/sw-osterfeine.de\/?p=24232"},"modified":"2019-01-21T09:44:38","modified_gmt":"2019-01-21T08:44:38","slug":"swo-anfang-2019-ein-kurzer-blick-zurueck-und-auch-nach-vorne","status":"publish","type":"post","link":"https:\/\/sw-osterfeine.de\/?p=24232","title":{"rendered":"SWO Anfang 2019: Ein kurzer Blick zur\u00fcck und auch nach vorne!"},"content":{"rendered":"\n<p>Eine Menge sportlicher Ereignisse warten wie immer auf den Sportverein SW Osterfeine in den n\u00e4chsten 12 Monaten. Doch zus\u00e4tzlich zu den sportlichen H\u00f6hepunkten kann unser Verein auch in 2019 einige kleine Jubil\u00e4en feiern: Vor genau 50 Jahren konnte der Sportverein SW Osterfeine im Sommer 1969 erstmals das neue Sportgel\u00e4nde am Kl\u00fcnenberg f\u00fcr den Fu\u00dfballsport nutzen. Der beigef\u00fcgte Zeitungsausschnitt erinnert kurz daran. <\/p>\n\n\n\n<div class=\"wp-block-image\"><figure class=\"aligncenter\"><a href=\"https:\/\/sw-osterfeine.de\/wp-content\/uploads\/2019\/01\/grafik-2.png\" data-rel=\"lightbox-image-0\" data-rl_title=\"\" data-rl_caption=\"\" title=\"\"><img loading=\"lazy\" decoding=\"async\" width=\"261\" height=\"300\" src=\"https:\/\/sw-osterfeine.de\/wp-content\/uploads\/2019\/01\/grafik-2-261x300.png\" alt=\"\" class=\"wp-image-24240\" srcset=\"https:\/\/sw-osterfeine.de\/wp-content\/uploads\/2019\/01\/grafik-2-261x300.png 261w, https:\/\/sw-osterfeine.de\/wp-content\/uploads\/2019\/01\/grafik-2.png 608w\" sizes=\"(max-width: 261px) 100vw, 261px\" \/><\/a><\/figure><\/div>\n\n\n\n<p>Im Jahr 2019\nverf\u00fcgt der Sportverein SW Osterfeine bereits 45 Jahre \u00fcber eine vereinseigene\nSporthalle. Auch hier d\u00fcrfte der beigef\u00fcgte OV-Ausschnitt wichtige\nInformationen besonders auch f\u00fcr unsere j\u00fcngeren Mitglieder enthalten.<\/p>\n\n\n\n<div class=\"wp-block-image\"><figure class=\"aligncenter\"><a href=\"https:\/\/sw-osterfeine.de\/wp-content\/uploads\/2019\/01\/grafik.png\" data-rel=\"lightbox-image-1\" data-rl_title=\"\" data-rl_caption=\"\" title=\"\"><img loading=\"lazy\" decoding=\"async\" width=\"300\" height=\"244\" src=\"https:\/\/sw-osterfeine.de\/wp-content\/uploads\/2019\/01\/grafik-300x244.png\" alt=\"\" class=\"wp-image-24233\" srcset=\"https:\/\/sw-osterfeine.de\/wp-content\/uploads\/2019\/01\/grafik-300x244.png 300w, https:\/\/sw-osterfeine.de\/wp-content\/uploads\/2019\/01\/grafik-768x624.png 768w, https:\/\/sw-osterfeine.de\/wp-content\/uploads\/2019\/01\/grafik.png 919w\" sizes=\"(max-width: 300px) 100vw, 300px\" \/><\/a><figcaption>       <\/figcaption><\/figure><\/div>\n\n\n\n<p>Seit 20\nJahren kann der Sportverein SW Osterfeine \u00fcber den Hallenanbau mit integriertem\nClubraum und dem Gymnastikraum I verf\u00fcgen. Seit 1998\/1999 wird der Clubraum bei\nvielen, vielen Sportveranstaltungen unseres Vereines von Maria Bergmann mit\nviel Herzblut betrieben. P\u00fcnktlich zum 1. Heimspiel der Bezirksligar\u00fcckrunde\ngegen GW Brockdorf werden wir auf dieses Jubil\u00e4um zur\u00fcckkommen. <\/p>\n\n\n\n<p>Neben den\nbeschriebenen R\u00fcckblicken haben wir in der Winterpause etwas im\nOSV-Nachrichtenarchiv gebl\u00e4ttert. In unregelm\u00e4\u00dfigen Abst\u00e4nden werden wir in den\nn\u00e4chsten Wochen hiermit auf einige OSV-Highlights zur\u00fcckblicken.<\/p>\n\n\n\n<p>Beginnen\nwollen wir hier heute mit einem OV-Bericht \u00fcber unsere Handballabteilung.\nDieser Bericht zeigt imposant, wie unsere Handballerinnen seit vielen Jahren\ntolle Handballarbeit in unserem Verein geleistet haben und auch heute noch\nleisten. Auch heute noch ist die Handballjugendarbeit im OSV au\u00dferordentlich\nengagiert und auch erfolgreich. Viel Spa\u00df beim Blick in die OSV-Vergangenheit.<\/p>\n\n\n\n<div class=\"wp-block-image\"><figure class=\"aligncenter\"><a href=\"https:\/\/sw-osterfeine.de\/wp-content\/uploads\/2019\/01\/grafik-1.png\" data-rel=\"lightbox-image-2\" data-rl_title=\"\" data-rl_caption=\"\" title=\"\"><img loading=\"lazy\" decoding=\"async\" width=\"242\" height=\"300\" src=\"https:\/\/sw-osterfeine.de\/wp-content\/uploads\/2019\/01\/grafik-1-242x300.png\" alt=\"\" class=\"wp-image-24235\" srcset=\"https:\/\/sw-osterfeine.de\/wp-content\/uploads\/2019\/01\/grafik-1-242x300.png 242w, https:\/\/sw-osterfeine.de\/wp-content\/uploads\/2019\/01\/grafik-1.png 608w\" sizes=\"(max-width: 242px) 100vw, 242px\" \/><\/a><\/figure><\/div>\n\n\n\n<p><\/p>\n","protected":false},"excerpt":{"rendered":"<p>Eine Menge sportlicher Ereignisse warten wie immer auf den Sportverein SW Osterfeine in den n\u00e4chsten 12 Monaten. Doch zus\u00e4tzlich zu den sportlichen H\u00f6hepunkten kann unser Verein auch in 2019 einige kleine Jubil\u00e4en feiern: Vor genau 50 Jahren konnte der Sportverein SW Osterfeine im Sommer 1969 erstmals das neue Sportgel\u00e4nde am Kl\u00fcnenberg f\u00fcr den Fu\u00dfballsport nutzen. [&hellip;]<\/p>\n","protected":false},"author":3,"featured_media":0,"comment_status":"closed","ping_status":"closed","sticky":false,"template":"","format":"standard","meta":{"footnotes":""},"categories":[37],"tags":[],"_links":{"self":[{"href":"https:\/\/sw-osterfeine.de\/index.php?rest_route=\/wp\/v2\/posts\/24232"}],"collection":[{"href":"https:\/\/sw-osterfeine.de\/index.php?rest_route=\/wp\/v2\/posts"}],"about":[{"href":"https:\/\/sw-osterfeine.de\/index.php?rest_route=\/wp\/v2\/types\/post"}],"author":[{"embeddable":true,"href":"https:\/\/sw-osterfeine.de\/index.php?rest_route=\/wp\/v2\/users\/3"}],"replies":[{"embeddable":true,"href":"https:\/\/sw-osterfeine.de\/index.php?rest_route=%2Fwp%2Fv2%2Fcomments&post=24232"}],"version-history":[{"count":6,"href":"https:\/\/sw-osterfeine.de\/index.php?rest_route=\/wp\/v2\/posts\/24232\/revisions"}],"predecessor-version":[{"id":24241,"href":"https:\/\/sw-osterfeine.de\/index.php?rest_route=\/wp\/v2\/posts\/24232\/revisions\/24241"}],"wp:attachment":[{"href":"https:\/\/sw-osterfeine.de\/index.php?rest_route=%2Fwp%2Fv2%2Fmedia&parent=24232"}],"wp:term":[{"taxonomy":"category","embeddable":true,"href":"https:\/\/sw-osterfeine.de\/index.php?rest_route=%2Fwp%2Fv2%2Fcategories&post=24232"},{"taxonomy":"post_tag","embeddable":true,"href":"https:\/\/sw-osterfeine.de\/index.php?rest_route=%2Fwp%2Fv2%2Ftags&post=24232"}],"curies":[{"name":"wp","href":"https:\/\/api.w.org\/{rel}","templated":true}]}}