{"id":24273,"date":"2019-01-25T08:48:07","date_gmt":"2019-01-25T07:48:07","guid":{"rendered":"https:\/\/sw-osterfeine.de\/?p=24273"},"modified":"2019-01-25T08:48:46","modified_gmt":"2019-01-25T07:48:46","slug":"ein-blick-zurueck-in-die-osv-geschichte","status":"publish","type":"post","link":"https:\/\/sw-osterfeine.de\/?p=24273","title":{"rendered":"Ein Blick zur\u00fcck in die OSV-Geschichte"},"content":{"rendered":"\n<p>In diesen\nTagen beginnen unsere Herrenteams wieder ihre Vorbereitungen f\u00fcr die R\u00fcckrunde.\nAuf beide Mannschaften warten in der R\u00fcckrunde sehr hohe H\u00fcrden, konnten doch\nbei aller Zufriedenheit beide Mannschaften nicht ausreichend Punkte in der\nHerbstrunde sammeln, um entspannt in die R\u00fcckrunde zu blicken. Im Gegenteil,\nnur wenn beide Mannschaften in der R\u00fcckrundenvorbereitung und in den\nR\u00fcckrundenspielen an ihre Grenzen gehen, werden sie in der Zeit des Osterfeiner\nSch\u00fctzenfestes den Klassenerhalt feiern k\u00f6nnen. <\/p>\n\n\n\n<p>Ergo wird\nnoch eine Menge Schwei\u00df flie\u00dfen m\u00fcssen, um die jeweiligen Klassen zu erhalten.<\/p>\n\n\n\n<p>Das folgende Foto aus dem OSV-Archiv zeigt, wie sich die Spieler der 1. Herrenmannschaft von SW Osterfeine schon 1978 professionell auf die Spiele vorbereiteten.<\/p>\n\n\n\n<div class=\"wp-block-image\"><figure class=\"aligncenter\"><a href=\"https:\/\/sw-osterfeine.de\/wp-content\/uploads\/2019\/01\/grafik-3.png\" data-rel=\"lightbox-image-0\" data-rl_title=\"\" data-rl_caption=\"\" title=\"\"><img loading=\"lazy\" decoding=\"async\" width=\"300\" height=\"167\" src=\"https:\/\/sw-osterfeine.de\/wp-content\/uploads\/2019\/01\/grafik-3-300x167.png\" alt=\"\" class=\"wp-image-24274\" srcset=\"https:\/\/sw-osterfeine.de\/wp-content\/uploads\/2019\/01\/grafik-3-300x167.png 300w, https:\/\/sw-osterfeine.de\/wp-content\/uploads\/2019\/01\/grafik-3.png 687w\" sizes=\"(max-width: 300px) 100vw, 300px\" \/><\/a><\/figure><\/div>\n\n\n\n<p>Auf der folgenden Torj\u00e4gertabelle am Ende der Spielserie 1985\/86 lassen sich bei genauem Studium einige interessante Namen auch aus der OSV-Geschichte entdecken. Viel Spa\u00df beim St\u00f6bern.<\/p>\n\n\n\n<div class=\"wp-block-image\"><figure class=\"aligncenter\"><a href=\"https:\/\/sw-osterfeine.de\/wp-content\/uploads\/2019\/01\/grafik-4.png\" data-rel=\"lightbox-image-1\" data-rl_title=\"\" data-rl_caption=\"\" title=\"\"><img loading=\"lazy\" decoding=\"async\" width=\"238\" height=\"300\" src=\"https:\/\/sw-osterfeine.de\/wp-content\/uploads\/2019\/01\/grafik-4-238x300.png\" alt=\"\" class=\"wp-image-24275\" srcset=\"https:\/\/sw-osterfeine.de\/wp-content\/uploads\/2019\/01\/grafik-4-238x300.png 238w, https:\/\/sw-osterfeine.de\/wp-content\/uploads\/2019\/01\/grafik-4.png 564w\" sizes=\"(max-width: 238px) 100vw, 238px\" \/><\/a><\/figure><\/div>\n\n\n\n<p><\/p>\n","protected":false},"excerpt":{"rendered":"<p>In diesen Tagen beginnen unsere Herrenteams wieder ihre Vorbereitungen f\u00fcr die R\u00fcckrunde. Auf beide Mannschaften warten in der R\u00fcckrunde sehr hohe H\u00fcrden, konnten doch bei aller Zufriedenheit beide Mannschaften nicht ausreichend Punkte in der Herbstrunde sammeln, um entspannt in die R\u00fcckrunde zu blicken. Im Gegenteil, nur wenn beide Mannschaften in der R\u00fcckrundenvorbereitung und in den [&hellip;]<\/p>\n","protected":false},"author":3,"featured_media":0,"comment_status":"closed","ping_status":"closed","sticky":false,"template":"","format":"standard","meta":{"footnotes":""},"categories":[3],"tags":[],"_links":{"self":[{"href":"https:\/\/sw-osterfeine.de\/index.php?rest_route=\/wp\/v2\/posts\/24273"}],"collection":[{"href":"https:\/\/sw-osterfeine.de\/index.php?rest_route=\/wp\/v2\/posts"}],"about":[{"href":"https:\/\/sw-osterfeine.de\/index.php?rest_route=\/wp\/v2\/types\/post"}],"author":[{"embeddable":true,"href":"https:\/\/sw-osterfeine.de\/index.php?rest_route=\/wp\/v2\/users\/3"}],"replies":[{"embeddable":true,"href":"https:\/\/sw-osterfeine.de\/index.php?rest_route=%2Fwp%2Fv2%2Fcomments&post=24273"}],"version-history":[{"count":2,"href":"https:\/\/sw-osterfeine.de\/index.php?rest_route=\/wp\/v2\/posts\/24273\/revisions"}],"predecessor-version":[{"id":24277,"href":"https:\/\/sw-osterfeine.de\/index.php?rest_route=\/wp\/v2\/posts\/24273\/revisions\/24277"}],"wp:attachment":[{"href":"https:\/\/sw-osterfeine.de\/index.php?rest_route=%2Fwp%2Fv2%2Fmedia&parent=24273"}],"wp:term":[{"taxonomy":"category","embeddable":true,"href":"https:\/\/sw-osterfeine.de\/index.php?rest_route=%2Fwp%2Fv2%2Fcategories&post=24273"},{"taxonomy":"post_tag","embeddable":true,"href":"https:\/\/sw-osterfeine.de\/index.php?rest_route=%2Fwp%2Fv2%2Ftags&post=24273"}],"curies":[{"name":"wp","href":"https:\/\/api.w.org\/{rel}","templated":true}]}}