{"id":24290,"date":"2019-01-28T10:10:12","date_gmt":"2019-01-28T09:10:12","guid":{"rendered":"https:\/\/sw-osterfeine.de\/?p=24290"},"modified":"2019-01-28T10:10:12","modified_gmt":"2019-01-28T09:10:12","slug":"schiffi-hoert-im-sommer-als-trainer-bei-sw-osterfeine-i-auf","status":"publish","type":"post","link":"https:\/\/sw-osterfeine.de\/?p=24290","title":{"rendered":"Schiffi h\u00f6rt im Sommer als Trainer bei SW Osterfeine I auf."},"content":{"rendered":"\n<p>Unser\nTrainer der 1. Herrenmannschaft, Christian Schiffb\u00e4nker, wird in der Spielserie\n2019\/2020 aus beruflichen Gr\u00fcnden nicht mehr das Traineramt aus\u00fcben k\u00f6nnen.\nSchiffi ist seit dem Sommer Schulleiter an einer gro\u00dfen Schule in Osnabr\u00fcck und\nist zeitlich nicht mehr in der Lage unser Bezirksligateam zu trainieren.\nSchiffi wird sich in der kommenden Serie aber sportlich noch bei unserer\nMannschaft fit halten und bei Gelegenheit auf dem Platz unterst\u00fctzen. Schon\nvorab an dieser Stelle ein gro\u00dfes Dankesch\u00f6n an Schiffi f\u00fcr seine geleistete\nTrainerarbeit in den vergangenen Jahren. Christian Schiffb\u00e4nker trainiert\nunsere 1. Mannschaft seit dem 1.7.2015 mit viel Erfolg und Begeisterung. <\/p>\n\n\n\n<p>Der\nSportverein SW Osterfeine begibt sich somit ab sofort auf die Suche nach einem\nNachfolger von Christian Schiffb\u00e4nker.<\/p>\n\n\n\n<p>Erstmal\nhaben Schiffi und seine Jungs jedoch noch eine hammerschwere R\u00fcckrunde vor der\nBrust. Daf\u00fcr ist die volle Konzentration der Mannschaft in den n\u00e4chsten Wochen\nund Monaten erforderlich.<\/p>\n","protected":false},"excerpt":{"rendered":"<p>Unser Trainer der 1. Herrenmannschaft, Christian Schiffb\u00e4nker, wird in der Spielserie 2019\/2020 aus beruflichen Gr\u00fcnden nicht mehr das Traineramt aus\u00fcben k\u00f6nnen. Schiffi ist seit dem Sommer Schulleiter an einer gro\u00dfen Schule in Osnabr\u00fcck und ist zeitlich nicht mehr in der Lage unser Bezirksligateam zu trainieren. Schiffi wird sich in der kommenden Serie aber sportlich noch [&hellip;]<\/p>\n","protected":false},"author":3,"featured_media":0,"comment_status":"closed","ping_status":"closed","sticky":false,"template":"","format":"standard","meta":{"footnotes":""},"categories":[3],"tags":[],"_links":{"self":[{"href":"https:\/\/sw-osterfeine.de\/index.php?rest_route=\/wp\/v2\/posts\/24290"}],"collection":[{"href":"https:\/\/sw-osterfeine.de\/index.php?rest_route=\/wp\/v2\/posts"}],"about":[{"href":"https:\/\/sw-osterfeine.de\/index.php?rest_route=\/wp\/v2\/types\/post"}],"author":[{"embeddable":true,"href":"https:\/\/sw-osterfeine.de\/index.php?rest_route=\/wp\/v2\/users\/3"}],"replies":[{"embeddable":true,"href":"https:\/\/sw-osterfeine.de\/index.php?rest_route=%2Fwp%2Fv2%2Fcomments&post=24290"}],"version-history":[{"count":1,"href":"https:\/\/sw-osterfeine.de\/index.php?rest_route=\/wp\/v2\/posts\/24290\/revisions"}],"predecessor-version":[{"id":24291,"href":"https:\/\/sw-osterfeine.de\/index.php?rest_route=\/wp\/v2\/posts\/24290\/revisions\/24291"}],"wp:attachment":[{"href":"https:\/\/sw-osterfeine.de\/index.php?rest_route=%2Fwp%2Fv2%2Fmedia&parent=24290"}],"wp:term":[{"taxonomy":"category","embeddable":true,"href":"https:\/\/sw-osterfeine.de\/index.php?rest_route=%2Fwp%2Fv2%2Fcategories&post=24290"},{"taxonomy":"post_tag","embeddable":true,"href":"https:\/\/sw-osterfeine.de\/index.php?rest_route=%2Fwp%2Fv2%2Ftags&post=24290"}],"curies":[{"name":"wp","href":"https:\/\/api.w.org\/{rel}","templated":true}]}}