{"id":24338,"date":"2019-02-01T09:23:30","date_gmt":"2019-02-01T08:23:30","guid":{"rendered":"https:\/\/sw-osterfeine.de\/?p=24338"},"modified":"2019-02-01T09:23:30","modified_gmt":"2019-02-01T08:23:30","slug":"osv-gruendet-neue-abteilung-dart-im-osv","status":"publish","type":"post","link":"https:\/\/sw-osterfeine.de\/?p=24338","title":{"rendered":"OSV gr\u00fcndet neue Abteilung: Dart im OSV!!"},"content":{"rendered":"\n<p>Der\nSportverein SW Osterfeine erweitert in den n\u00e4chsten Wochen sein Sportangebot.<\/p>\n\n\n\n<p>Derzeit\nlaufen die Vorbereitungen f\u00fcr unsere neue Dartabteilung.<\/p>\n\n\n\n<p>N\u00e4here\nInformationen folgen in den n\u00e4chsten Tagen.<\/p>\n","protected":false},"excerpt":{"rendered":"<p>Der Sportverein SW Osterfeine erweitert in den n\u00e4chsten Wochen sein Sportangebot. Derzeit laufen die Vorbereitungen f\u00fcr unsere neue Dartabteilung. N\u00e4here Informationen folgen in den n\u00e4chsten Tagen.<\/p>\n","protected":false},"author":3,"featured_media":0,"comment_status":"closed","ping_status":"closed","sticky":false,"template":"","format":"standard","meta":{"footnotes":""},"categories":[37],"tags":[],"_links":{"self":[{"href":"https:\/\/sw-osterfeine.de\/index.php?rest_route=\/wp\/v2\/posts\/24338"}],"collection":[{"href":"https:\/\/sw-osterfeine.de\/index.php?rest_route=\/wp\/v2\/posts"}],"about":[{"href":"https:\/\/sw-osterfeine.de\/index.php?rest_route=\/wp\/v2\/types\/post"}],"author":[{"embeddable":true,"href":"https:\/\/sw-osterfeine.de\/index.php?rest_route=\/wp\/v2\/users\/3"}],"replies":[{"embeddable":true,"href":"https:\/\/sw-osterfeine.de\/index.php?rest_route=%2Fwp%2Fv2%2Fcomments&post=24338"}],"version-history":[{"count":1,"href":"https:\/\/sw-osterfeine.de\/index.php?rest_route=\/wp\/v2\/posts\/24338\/revisions"}],"predecessor-version":[{"id":24339,"href":"https:\/\/sw-osterfeine.de\/index.php?rest_route=\/wp\/v2\/posts\/24338\/revisions\/24339"}],"wp:attachment":[{"href":"https:\/\/sw-osterfeine.de\/index.php?rest_route=%2Fwp%2Fv2%2Fmedia&parent=24338"}],"wp:term":[{"taxonomy":"category","embeddable":true,"href":"https:\/\/sw-osterfeine.de\/index.php?rest_route=%2Fwp%2Fv2%2Fcategories&post=24338"},{"taxonomy":"post_tag","embeddable":true,"href":"https:\/\/sw-osterfeine.de\/index.php?rest_route=%2Fwp%2Fv2%2Ftags&post=24338"}],"curies":[{"name":"wp","href":"https:\/\/api.w.org\/{rel}","templated":true}]}}