{"id":24342,"date":"2019-02-04T09:03:54","date_gmt":"2019-02-04T08:03:54","guid":{"rendered":"https:\/\/sw-osterfeine.de\/?p=24342"},"modified":"2019-02-04T09:12:43","modified_gmt":"2019-02-04T08:12:43","slug":"rueckrundenvorbereitung-hat-begonnen","status":"publish","type":"post","link":"https:\/\/sw-osterfeine.de\/?p=24342","title":{"rendered":"R\u00fcckrundenvorbereitung hat begonnen."},"content":{"rendered":"\n<p>Trotz der unfreundlichen Wetterbedingungen starteten\nin den letzten Tagen unsere Erste und Zweite ihre R\u00fcckrundenvorbereitungen.<\/p>\n\n\n\n<p>Nach diversen Lauf- und Krafteinheiten hatten sich am Samstagnachmittag unsere Zweite und Erste zu einem internem Trainingsspiel \u00fcber 3 x 30 Minuten verabredet. Bei nicht optimalen Bedingungen stand die Gew\u00f6hnung an die Gr\u00f6\u00dfe des Platzes nach der Winterpause im Vordergrund.<\/p>\n\n\n\n<p>Besonders in Erinnerung wird den Spielern der Ersten dabei auch die morgendliche Einheit im OSV-Fitnessraum mit David Wadulla bleiben, deckte er doch manche bisher unvermutete Muskelgruppe bei den Fu\u00dfballern schonungslos auf.<\/p>\n\n\n\n<p>Am kommenden Sonntag findet dann das erste Vorbereitungsspiel um 14.00 Uhr in Osterfeine gegen den SV Barnstorf statt.<\/p>\n\n\n\n<ul class=\"wp-block-gallery columns-4 is-cropped wp-block-gallery-1 is-layout-flex wp-block-gallery-is-layout-flex\"><li class=\"blocks-gallery-item\"><figure><a href=\"https:\/\/sw-osterfeine.de\/wp-content\/uploads\/2019\/02\/DSC_0025-1024x680.jpg\" data-rel=\"lightbox-image-0\" data-rl_title=\"\" data-rl_caption=\"\" title=\"\"><img loading=\"lazy\" decoding=\"async\" width=\"1024\" height=\"680\" src=\"https:\/\/sw-osterfeine.de\/wp-content\/uploads\/2019\/02\/DSC_0025-1024x680.jpg\" alt=\"\" data-id=\"24346\" data-link=\"https:\/\/sw-osterfeine.de\/?attachment_id=24346\" class=\"wp-image-24346\" srcset=\"https:\/\/sw-osterfeine.de\/wp-content\/uploads\/2019\/02\/DSC_0025-1024x680.jpg 1024w, https:\/\/sw-osterfeine.de\/wp-content\/uploads\/2019\/02\/DSC_0025-300x199.jpg 300w, https:\/\/sw-osterfeine.de\/wp-content\/uploads\/2019\/02\/DSC_0025-768x510.jpg 768w\" sizes=\"(max-width: 1024px) 100vw, 1024px\" \/><\/a><\/figure><\/li><li class=\"blocks-gallery-item\"><figure><a href=\"https:\/\/sw-osterfeine.de\/wp-content\/uploads\/2019\/02\/DSC_0034-1024x680.jpg\" data-rel=\"lightbox-image-1\" data-rl_title=\"\" data-rl_caption=\"\" title=\"\"><img loading=\"lazy\" decoding=\"async\" width=\"1024\" height=\"680\" src=\"https:\/\/sw-osterfeine.de\/wp-content\/uploads\/2019\/02\/DSC_0034-1024x680.jpg\" alt=\"\" data-id=\"24347\" data-link=\"https:\/\/sw-osterfeine.de\/?attachment_id=24347\" class=\"wp-image-24347\" srcset=\"https:\/\/sw-osterfeine.de\/wp-content\/uploads\/2019\/02\/DSC_0034-1024x680.jpg 1024w, https:\/\/sw-osterfeine.de\/wp-content\/uploads\/2019\/02\/DSC_0034-300x199.jpg 300w, https:\/\/sw-osterfeine.de\/wp-content\/uploads\/2019\/02\/DSC_0034-768x510.jpg 768w\" sizes=\"(max-width: 1024px) 100vw, 1024px\" \/><\/a><\/figure><\/li><li class=\"blocks-gallery-item\"><figure><a href=\"https:\/\/sw-osterfeine.de\/wp-content\/uploads\/2019\/02\/DSC_0076-1024x680.jpg\" data-rel=\"lightbox-image-2\" data-rl_title=\"\" data-rl_caption=\"\" title=\"\"><img loading=\"lazy\" decoding=\"async\" width=\"1024\" height=\"680\" src=\"https:\/\/sw-osterfeine.de\/wp-content\/uploads\/2019\/02\/DSC_0076-1024x680.jpg\" alt=\"\" data-id=\"24348\" data-link=\"https:\/\/sw-osterfeine.de\/?attachment_id=24348\" class=\"wp-image-24348\" srcset=\"https:\/\/sw-osterfeine.de\/wp-content\/uploads\/2019\/02\/DSC_0076-1024x680.jpg 1024w, https:\/\/sw-osterfeine.de\/wp-content\/uploads\/2019\/02\/DSC_0076-300x199.jpg 300w, https:\/\/sw-osterfeine.de\/wp-content\/uploads\/2019\/02\/DSC_0076-768x510.jpg 768w\" sizes=\"(max-width: 1024px) 100vw, 1024px\" \/><\/a><\/figure><\/li><li class=\"blocks-gallery-item\"><figure><a href=\"https:\/\/sw-osterfeine.de\/wp-content\/uploads\/2019\/02\/DSC_0091-1024x680.jpg\" data-rel=\"lightbox-image-3\" data-rl_title=\"\" data-rl_caption=\"\" title=\"\"><img loading=\"lazy\" decoding=\"async\" width=\"1024\" height=\"680\" src=\"https:\/\/sw-osterfeine.de\/wp-content\/uploads\/2019\/02\/DSC_0091-1024x680.jpg\" alt=\"\" data-id=\"24349\" data-link=\"https:\/\/sw-osterfeine.de\/?attachment_id=24349\" class=\"wp-image-24349\" srcset=\"https:\/\/sw-osterfeine.de\/wp-content\/uploads\/2019\/02\/DSC_0091-1024x680.jpg 1024w, https:\/\/sw-osterfeine.de\/wp-content\/uploads\/2019\/02\/DSC_0091-300x199.jpg 300w, https:\/\/sw-osterfeine.de\/wp-content\/uploads\/2019\/02\/DSC_0091-768x510.jpg 768w\" sizes=\"(max-width: 1024px) 100vw, 1024px\" \/><\/a><\/figure><\/li><li class=\"blocks-gallery-item\"><figure><a href=\"https:\/\/sw-osterfeine.de\/wp-content\/uploads\/2019\/02\/DSC_0098-680x1024.jpg\" data-rel=\"lightbox-image-4\" data-rl_title=\"\" data-rl_caption=\"\" title=\"\"><img loading=\"lazy\" decoding=\"async\" width=\"680\" height=\"1024\" src=\"https:\/\/sw-osterfeine.de\/wp-content\/uploads\/2019\/02\/DSC_0098-680x1024.jpg\" alt=\"\" data-id=\"24350\" data-link=\"https:\/\/sw-osterfeine.de\/?attachment_id=24350\" class=\"wp-image-24350\" srcset=\"https:\/\/sw-osterfeine.de\/wp-content\/uploads\/2019\/02\/DSC_0098-680x1024.jpg 680w, https:\/\/sw-osterfeine.de\/wp-content\/uploads\/2019\/02\/DSC_0098-199x300.jpg 199w, https:\/\/sw-osterfeine.de\/wp-content\/uploads\/2019\/02\/DSC_0098-768x1157.jpg 768w, https:\/\/sw-osterfeine.de\/wp-content\/uploads\/2019\/02\/DSC_0098.jpg 1657w\" sizes=\"(max-width: 680px) 100vw, 680px\" \/><\/a><\/figure><\/li><li class=\"blocks-gallery-item\"><figure><a href=\"https:\/\/sw-osterfeine.de\/wp-content\/uploads\/2019\/02\/DSC_0107-1024x680.jpg\" data-rel=\"lightbox-image-5\" data-rl_title=\"\" data-rl_caption=\"\" title=\"\"><img loading=\"lazy\" decoding=\"async\" width=\"1024\" height=\"680\" src=\"https:\/\/sw-osterfeine.de\/wp-content\/uploads\/2019\/02\/DSC_0107-1024x680.jpg\" alt=\"\" data-id=\"24351\" data-link=\"https:\/\/sw-osterfeine.de\/?attachment_id=24351\" class=\"wp-image-24351\" srcset=\"https:\/\/sw-osterfeine.de\/wp-content\/uploads\/2019\/02\/DSC_0107-1024x680.jpg 1024w, https:\/\/sw-osterfeine.de\/wp-content\/uploads\/2019\/02\/DSC_0107-300x199.jpg 300w, https:\/\/sw-osterfeine.de\/wp-content\/uploads\/2019\/02\/DSC_0107-768x510.jpg 768w\" sizes=\"(max-width: 1024px) 100vw, 1024px\" \/><\/a><\/figure><\/li><\/ul>\n","protected":false},"excerpt":{"rendered":"<p>Trotz der unfreundlichen Wetterbedingungen starteten in den letzten Tagen unsere Erste und Zweite ihre R\u00fcckrundenvorbereitungen. Nach diversen Lauf- und Krafteinheiten hatten sich am Samstagnachmittag unsere Zweite und Erste zu einem internem Trainingsspiel \u00fcber 3 x 30 Minuten verabredet. Bei nicht optimalen Bedingungen stand die Gew\u00f6hnung an die Gr\u00f6\u00dfe des Platzes nach der Winterpause im Vordergrund. [&hellip;]<\/p>\n","protected":false},"author":3,"featured_media":0,"comment_status":"closed","ping_status":"closed","sticky":false,"template":"","format":"standard","meta":{"footnotes":""},"categories":[3],"tags":[],"_links":{"self":[{"href":"https:\/\/sw-osterfeine.de\/index.php?rest_route=\/wp\/v2\/posts\/24342"}],"collection":[{"href":"https:\/\/sw-osterfeine.de\/index.php?rest_route=\/wp\/v2\/posts"}],"about":[{"href":"https:\/\/sw-osterfeine.de\/index.php?rest_route=\/wp\/v2\/types\/post"}],"author":[{"embeddable":true,"href":"https:\/\/sw-osterfeine.de\/index.php?rest_route=\/wp\/v2\/users\/3"}],"replies":[{"embeddable":true,"href":"https:\/\/sw-osterfeine.de\/index.php?rest_route=%2Fwp%2Fv2%2Fcomments&post=24342"}],"version-history":[{"count":4,"href":"https:\/\/sw-osterfeine.de\/index.php?rest_route=\/wp\/v2\/posts\/24342\/revisions"}],"predecessor-version":[{"id":24352,"href":"https:\/\/sw-osterfeine.de\/index.php?rest_route=\/wp\/v2\/posts\/24342\/revisions\/24352"}],"wp:attachment":[{"href":"https:\/\/sw-osterfeine.de\/index.php?rest_route=%2Fwp%2Fv2%2Fmedia&parent=24342"}],"wp:term":[{"taxonomy":"category","embeddable":true,"href":"https:\/\/sw-osterfeine.de\/index.php?rest_route=%2Fwp%2Fv2%2Fcategories&post=24342"},{"taxonomy":"post_tag","embeddable":true,"href":"https:\/\/sw-osterfeine.de\/index.php?rest_route=%2Fwp%2Fv2%2Ftags&post=24342"}],"curies":[{"name":"wp","href":"https:\/\/api.w.org\/{rel}","templated":true}]}}