{"id":24366,"date":"2019-02-12T09:42:16","date_gmt":"2019-02-12T08:42:16","guid":{"rendered":"https:\/\/sw-osterfeine.de\/?p=24366"},"modified":"2019-02-12T09:42:16","modified_gmt":"2019-02-12T08:42:16","slug":"dart","status":"publish","type":"post","link":"https:\/\/sw-osterfeine.de\/?p=24366","title":{"rendered":"Dart"},"content":{"rendered":"\n<p>Bock auf was Neues? \u2013 Der Sportverein Schwarz-Wei\u00df\nOsterfeine gr\u00fcndet eine neue Abteilung: <\/p>\n\n\n\n<p>DART! <\/p>\n\n\n\n<p>Seit Jahren boomt der Dartsport&nbsp; auf der ganzen Welt und vorallem hier in\nDeutschland. Diese Euphorie hat es nun auch zu uns nach Osterfeine geschafft.<\/p>\n\n\n\n<p>&nbsp;Wer nun denkt: Dart?\nIst das \u00fcberhaupt eine Sportart? , ist die Antwort leicht: Ja, Dart ist seit\nJahren eine offiziell anerkannte Sportart, denn auch hier braucht man viel\nTraining, Pr\u00e4zision und eine Menge Disziplin. <\/p>\n\n\n\n<p>Wenn ihr Lust habt mal etwas Neues auszuprobieren, bieten\nwir euch nun diese Chance . Egal ob Jung oder Alt, Mann oder Frau, und auch\ndie, die keine Zeit mehr f\u00fcr Fu\u00dfball, Handball oder \u00e4hnliches haben \u2013 Dart ist\neinfach f\u00fcr jeden Etwas. <\/p>\n\n\n\n<p>Das Ziel ist in naher&nbsp;\nZukunft eine Mannschaft&nbsp; im Ligabetrieb\nanzumelden. Das ist \u00e4hnlich wie beim Fu\u00dfball , nur das man nicht jedes\nWochenende unterwegs ist. <\/p>\n\n\n\n<p>Haben wir dein Interesse geweckt ? Dann schau bei den ersten\nTrainingsterminen vorbei und erfahre mehr ! <\/p>\n\n\n\n<p>Wann:&nbsp; Dienstag\n(19.02.) und Mittwoch (20.02) jeweils ab 19:00 Uhr.<\/p>\n\n\n\n<p>Wo: Sportplatz in R\u00fcschendorf. <\/p>\n\n\n\n<p>Mitzubringen ist: Wer Darts besitzt kann diese gerne\nmitbringen, ansonsten haben wir einiges zum Ausprobieren da! <\/p>\n\n\n\n<p>Bei Fragen melden sie sich unter: 0177\/7593721&nbsp; <\/p>\n\n\n\n<p>In diesem Sinne: Bis n\u00e4chste Woche! <\/p>\n\n\n\n<p>Good Darts\nund Game on! <\/p>\n","protected":false},"excerpt":{"rendered":"<p>Bock auf was Neues? \u2013 Der Sportverein Schwarz-Wei\u00df Osterfeine gr\u00fcndet eine neue Abteilung: DART! Seit Jahren boomt der Dartsport&nbsp; auf der ganzen Welt und vorallem hier in Deutschland. Diese Euphorie hat es nun auch zu uns nach Osterfeine geschafft. &nbsp;Wer nun denkt: Dart? Ist das \u00fcberhaupt eine Sportart? , ist die Antwort leicht: Ja, Dart [&hellip;]<\/p>\n","protected":false},"author":3,"featured_media":0,"comment_status":"closed","ping_status":"closed","sticky":false,"template":"","format":"standard","meta":{"footnotes":""},"categories":[37],"tags":[],"_links":{"self":[{"href":"https:\/\/sw-osterfeine.de\/index.php?rest_route=\/wp\/v2\/posts\/24366"}],"collection":[{"href":"https:\/\/sw-osterfeine.de\/index.php?rest_route=\/wp\/v2\/posts"}],"about":[{"href":"https:\/\/sw-osterfeine.de\/index.php?rest_route=\/wp\/v2\/types\/post"}],"author":[{"embeddable":true,"href":"https:\/\/sw-osterfeine.de\/index.php?rest_route=\/wp\/v2\/users\/3"}],"replies":[{"embeddable":true,"href":"https:\/\/sw-osterfeine.de\/index.php?rest_route=%2Fwp%2Fv2%2Fcomments&post=24366"}],"version-history":[{"count":1,"href":"https:\/\/sw-osterfeine.de\/index.php?rest_route=\/wp\/v2\/posts\/24366\/revisions"}],"predecessor-version":[{"id":24367,"href":"https:\/\/sw-osterfeine.de\/index.php?rest_route=\/wp\/v2\/posts\/24366\/revisions\/24367"}],"wp:attachment":[{"href":"https:\/\/sw-osterfeine.de\/index.php?rest_route=%2Fwp%2Fv2%2Fmedia&parent=24366"}],"wp:term":[{"taxonomy":"category","embeddable":true,"href":"https:\/\/sw-osterfeine.de\/index.php?rest_route=%2Fwp%2Fv2%2Fcategories&post=24366"},{"taxonomy":"post_tag","embeddable":true,"href":"https:\/\/sw-osterfeine.de\/index.php?rest_route=%2Fwp%2Fv2%2Ftags&post=24366"}],"curies":[{"name":"wp","href":"https:\/\/api.w.org\/{rel}","templated":true}]}}