{"id":24368,"date":"2019-02-14T15:58:04","date_gmt":"2019-02-14T14:58:04","guid":{"rendered":"https:\/\/sw-osterfeine.de\/?p=24368"},"modified":"2019-02-14T15:58:04","modified_gmt":"2019-02-14T14:58:04","slug":"einladung-zur-generalversammlung-5","status":"publish","type":"post","link":"https:\/\/sw-osterfeine.de\/?p=24368","title":{"rendered":"Einladung zur Generalversammlung"},"content":{"rendered":"\n<p>Liebe Mitglieder!<\/p>\n\n\n\n<p>Unsere diesj\u00e4hrige Generalversammlung findet am Freitag, dem 01. M\u00e4rz 2019 um 20.00 Uhr im Saalbetrieb Fangmann in Osterfeine statt. Hierzu laden wir alle Mitglieder recht herzlich ein.<\/p>\n\n\n\n<p><strong>Tagesordnung:<\/strong><\/p>\n\n\n\n<p>1. Begr\u00fc\u00dfung<\/p>\n\n\n\n<p>2. Verlesung und Genehmigung des Protokolls der Mitgliederversammlung von 2018<\/p>\n\n\n\n<p>3. Jahresberichte mit anschlie\u00dfender Aussprache<\/p>\n\n\n\n<p>4. Bericht der Kassenpr\u00fcfer und Genehmigung der Jahresrechnung<\/p>\n\n\n\n<p>5. Entlastung des Vorstands<\/p>\n\n\n\n<p>6. Satzungs\u00e4nderung \/ Neufassung<\/p>\n\n\n\n<p>7. Ehrungen<\/p>\n\n\n\n<p>8. Wahlen (Vorstand und Kassenpr\u00fcfer)<\/p>\n\n\n\n<p>9. Antr\u00e4ge ordentlicher Mitglieder<\/p>\n\n\n\n<p>10. Verschiedenes<\/p>\n\n\n\n<p>Antr\u00e4ge zu TOP 9 m\u00fcssen sp\u00e4testens 5 Tage vor der Generalversammlung schriftlich beim Vorstand eingegangen sein.<\/p>\n\n\n\n<p style=\"text-align:center\"><strong><em>Der Vorstand<\/em><\/strong><\/p>\n","protected":false},"excerpt":{"rendered":"<p>Liebe Mitglieder! Unsere diesj\u00e4hrige Generalversammlung findet am Freitag, dem 01. M\u00e4rz 2019 um 20.00 Uhr im Saalbetrieb Fangmann in Osterfeine statt. Hierzu laden wir alle Mitglieder recht herzlich ein. Tagesordnung: 1. Begr\u00fc\u00dfung 2. Verlesung und Genehmigung des Protokolls der Mitgliederversammlung von 2018 3. Jahresberichte mit anschlie\u00dfender Aussprache 4. Bericht der Kassenpr\u00fcfer und Genehmigung der Jahresrechnung [&hellip;]<\/p>\n","protected":false},"author":3,"featured_media":0,"comment_status":"closed","ping_status":"closed","sticky":false,"template":"","format":"standard","meta":{"footnotes":""},"categories":[37],"tags":[],"_links":{"self":[{"href":"https:\/\/sw-osterfeine.de\/index.php?rest_route=\/wp\/v2\/posts\/24368"}],"collection":[{"href":"https:\/\/sw-osterfeine.de\/index.php?rest_route=\/wp\/v2\/posts"}],"about":[{"href":"https:\/\/sw-osterfeine.de\/index.php?rest_route=\/wp\/v2\/types\/post"}],"author":[{"embeddable":true,"href":"https:\/\/sw-osterfeine.de\/index.php?rest_route=\/wp\/v2\/users\/3"}],"replies":[{"embeddable":true,"href":"https:\/\/sw-osterfeine.de\/index.php?rest_route=%2Fwp%2Fv2%2Fcomments&post=24368"}],"version-history":[{"count":3,"href":"https:\/\/sw-osterfeine.de\/index.php?rest_route=\/wp\/v2\/posts\/24368\/revisions"}],"predecessor-version":[{"id":24371,"href":"https:\/\/sw-osterfeine.de\/index.php?rest_route=\/wp\/v2\/posts\/24368\/revisions\/24371"}],"wp:attachment":[{"href":"https:\/\/sw-osterfeine.de\/index.php?rest_route=%2Fwp%2Fv2%2Fmedia&parent=24368"}],"wp:term":[{"taxonomy":"category","embeddable":true,"href":"https:\/\/sw-osterfeine.de\/index.php?rest_route=%2Fwp%2Fv2%2Fcategories&post=24368"},{"taxonomy":"post_tag","embeddable":true,"href":"https:\/\/sw-osterfeine.de\/index.php?rest_route=%2Fwp%2Fv2%2Ftags&post=24368"}],"curies":[{"name":"wp","href":"https:\/\/api.w.org\/{rel}","templated":true}]}}