{"id":24372,"date":"2019-02-15T08:38:57","date_gmt":"2019-02-15T07:38:57","guid":{"rendered":"https:\/\/sw-osterfeine.de\/?p=24372"},"modified":"2019-02-15T14:43:00","modified_gmt":"2019-02-15T13:43:00","slug":"handball-im-swo","status":"publish","type":"post","link":"https:\/\/sw-osterfeine.de\/?p=24372","title":{"rendered":"Handball im SWO"},"content":{"rendered":"\n<p>An diesem Wochenende (16.02.\nund 17.02.2019) finden wieder einige Handballspiele beim und mit dem SWO statt.<\/p>\n\n\n\n<p>Folgende\nHandball-Spiele erwarten uns am Samstag in eigener Halle:<\/p>\n\n\n\n<p>14:00 Uhr&nbsp;&nbsp;&nbsp;&nbsp;&nbsp;&nbsp;&nbsp;&nbsp;&nbsp;&nbsp;&nbsp; 1. D-Jgd. &nbsp;&nbsp; geg.&nbsp;&nbsp;&nbsp;&nbsp;&nbsp;&nbsp;&nbsp;&nbsp;&nbsp;&nbsp;&nbsp;&nbsp; SFN Vechta<\/p>\n\n\n\n<p>15:30 Uhr&nbsp;&nbsp;&nbsp;&nbsp;&nbsp;&nbsp;&nbsp;&nbsp;&nbsp;&nbsp;&nbsp; C-Jgd.&nbsp;&nbsp;&nbsp;&nbsp;&nbsp;&nbsp;&nbsp;&nbsp; geg.&nbsp;&nbsp;&nbsp;&nbsp;&nbsp;&nbsp;&nbsp;&nbsp;&nbsp;&nbsp;&nbsp;&nbsp; HSG\nWagenfeld\/ Wetschen<\/p>\n\n\n\n<p>17:15 Uhr&nbsp;&nbsp;&nbsp;&nbsp;&nbsp;&nbsp;&nbsp;&nbsp;&nbsp;&nbsp;&nbsp; A-Jgd.&nbsp;&nbsp;&nbsp;&nbsp;&nbsp;&nbsp;&nbsp; geg.&nbsp;&nbsp;&nbsp;&nbsp;&nbsp;&nbsp;&nbsp;&nbsp;&nbsp;&nbsp;&nbsp;&nbsp; FC\nSch\u00fcttorf 09<\/p>\n\n\n\n<p>19:15 Uhr&nbsp;&nbsp;&nbsp;&nbsp;&nbsp;&nbsp;&nbsp;&nbsp;&nbsp;&nbsp;&nbsp; 2. Damen&nbsp;&nbsp;&nbsp; geg.&nbsp;&nbsp;&nbsp;&nbsp;&nbsp;&nbsp;&nbsp;&nbsp;&nbsp;&nbsp;&nbsp;&nbsp; TV Dinklage\nIII<\/p>\n\n\n\n<p>Doch auch ausw\u00e4rts\nkommt es am Samstag zu zwei spannenden Spielen. Zuerst spielt unsere 2. D-Jgd.\num 17:00 Uhr in Holdorf, bevor es dann um 19:30 Uhr in Lohne spannend wird.<\/p>\n\n\n\n<p>Unsere 1.\nDamen-Mannschaft ist in Lohne zu Gast und m\u00f6chte zwei wichtige Punkte im\nAbstiegskampf aus Lohne entf\u00fchren.<\/p>\n\n\n\n<p>Doch auch am Sonntag\ngeht es in der eigenen Halle spannend weiter.<\/p>\n\n\n\n<p>Um 13:30 Uhr spielt die\nB-Jgd. gegen TuS Lemf\u00f6rde und um 15:30 Uhr trifft unsere 3. Damen-Mannschaft\nauf den SV Cappeln.<\/p>\n\n\n\n<p>Ausw\u00e4rts ist dagegen\nunsere E-Jgd. unterwegs. Diese spielt am Sonntag um 13:00 Uhr beim TuS BW Lohne.<\/p>\n\n\n\n<p>Alle unsere Mannschaften freuen sich dar\u00fcber, wenn viele Fans am Wochenende in die Halle kommen, um unsere M\u00e4dels lautstark zu unterst\u00fctzen.<\/p>\n\n\n\n<p>Wir z\u00e4hlen auf Dich!<\/p>\n\n\n\n<p>Deine SWO-Handball-Redaktion<\/p>\n","protected":false},"excerpt":{"rendered":"<p>An diesem Wochenende (16.02. und 17.02.2019) finden wieder einige Handballspiele beim und mit dem SWO statt. Folgende Handball-Spiele erwarten uns am Samstag in eigener Halle: 14:00 Uhr&nbsp;&nbsp;&nbsp;&nbsp;&nbsp;&nbsp;&nbsp;&nbsp;&nbsp;&nbsp;&nbsp; 1. D-Jgd. &nbsp;&nbsp; geg.&nbsp;&nbsp;&nbsp;&nbsp;&nbsp;&nbsp;&nbsp;&nbsp;&nbsp;&nbsp;&nbsp;&nbsp; SFN Vechta 15:30 Uhr&nbsp;&nbsp;&nbsp;&nbsp;&nbsp;&nbsp;&nbsp;&nbsp;&nbsp;&nbsp;&nbsp; C-Jgd.&nbsp;&nbsp;&nbsp;&nbsp;&nbsp;&nbsp;&nbsp;&nbsp; geg.&nbsp;&nbsp;&nbsp;&nbsp;&nbsp;&nbsp;&nbsp;&nbsp;&nbsp;&nbsp;&nbsp;&nbsp; HSG Wagenfeld\/ Wetschen 17:15 Uhr&nbsp;&nbsp;&nbsp;&nbsp;&nbsp;&nbsp;&nbsp;&nbsp;&nbsp;&nbsp;&nbsp; A-Jgd.&nbsp;&nbsp;&nbsp;&nbsp;&nbsp;&nbsp;&nbsp; geg.&nbsp;&nbsp;&nbsp;&nbsp;&nbsp;&nbsp;&nbsp;&nbsp;&nbsp;&nbsp;&nbsp;&nbsp; FC Sch\u00fcttorf 09 19:15 Uhr&nbsp;&nbsp;&nbsp;&nbsp;&nbsp;&nbsp;&nbsp;&nbsp;&nbsp;&nbsp;&nbsp; 2. Damen&nbsp;&nbsp;&nbsp; geg.&nbsp;&nbsp;&nbsp;&nbsp;&nbsp;&nbsp;&nbsp;&nbsp;&nbsp;&nbsp;&nbsp;&nbsp; TV Dinklage III [&hellip;]<\/p>\n","protected":false},"author":3,"featured_media":0,"comment_status":"closed","ping_status":"closed","sticky":false,"template":"","format":"standard","meta":{"footnotes":""},"categories":[1],"tags":[],"_links":{"self":[{"href":"https:\/\/sw-osterfeine.de\/index.php?rest_route=\/wp\/v2\/posts\/24372"}],"collection":[{"href":"https:\/\/sw-osterfeine.de\/index.php?rest_route=\/wp\/v2\/posts"}],"about":[{"href":"https:\/\/sw-osterfeine.de\/index.php?rest_route=\/wp\/v2\/types\/post"}],"author":[{"embeddable":true,"href":"https:\/\/sw-osterfeine.de\/index.php?rest_route=\/wp\/v2\/users\/3"}],"replies":[{"embeddable":true,"href":"https:\/\/sw-osterfeine.de\/index.php?rest_route=%2Fwp%2Fv2%2Fcomments&post=24372"}],"version-history":[{"count":3,"href":"https:\/\/sw-osterfeine.de\/index.php?rest_route=\/wp\/v2\/posts\/24372\/revisions"}],"predecessor-version":[{"id":24375,"href":"https:\/\/sw-osterfeine.de\/index.php?rest_route=\/wp\/v2\/posts\/24372\/revisions\/24375"}],"wp:attachment":[{"href":"https:\/\/sw-osterfeine.de\/index.php?rest_route=%2Fwp%2Fv2%2Fmedia&parent=24372"}],"wp:term":[{"taxonomy":"category","embeddable":true,"href":"https:\/\/sw-osterfeine.de\/index.php?rest_route=%2Fwp%2Fv2%2Fcategories&post=24372"},{"taxonomy":"post_tag","embeddable":true,"href":"https:\/\/sw-osterfeine.de\/index.php?rest_route=%2Fwp%2Fv2%2Ftags&post=24372"}],"curies":[{"name":"wp","href":"https:\/\/api.w.org\/{rel}","templated":true}]}}