{"id":24438,"date":"2019-02-22T11:16:47","date_gmt":"2019-02-22T10:16:47","guid":{"rendered":"https:\/\/sw-osterfeine.de\/?p=24438"},"modified":"2019-02-22T11:16:47","modified_gmt":"2019-02-22T10:16:47","slug":"martin-luebbehusen-und-felix-piening-im-einsatz-fuer-den-osv","status":"publish","type":"post","link":"https:\/\/sw-osterfeine.de\/?p=24438","title":{"rendered":"Martin L\u00fcbbehusen und Felix Piening im Einsatz f\u00fcr den OSV"},"content":{"rendered":"\n<ul class=\"wp-block-gallery columns-3 is-cropped wp-block-gallery-1 is-layout-flex wp-block-gallery-is-layout-flex\"><li class=\"blocks-gallery-item\"><figure><a href=\"https:\/\/sw-osterfeine.de\/wp-content\/uploads\/2019\/02\/IMG-20190222-WA0000-768x1024.jpg\" data-rel=\"lightbox-image-0\" data-rl_title=\"\" data-rl_caption=\"\" title=\"\"><img loading=\"lazy\" decoding=\"async\" width=\"768\" height=\"1024\" src=\"https:\/\/sw-osterfeine.de\/wp-content\/uploads\/2019\/02\/IMG-20190222-WA0000-768x1024.jpg\" alt=\"\" data-id=\"24439\" data-link=\"https:\/\/sw-osterfeine.de\/?attachment_id=24439\" class=\"wp-image-24439\" srcset=\"https:\/\/sw-osterfeine.de\/wp-content\/uploads\/2019\/02\/IMG-20190222-WA0000-768x1024.jpg 768w, https:\/\/sw-osterfeine.de\/wp-content\/uploads\/2019\/02\/IMG-20190222-WA0000-225x300.jpg 225w, https:\/\/sw-osterfeine.de\/wp-content\/uploads\/2019\/02\/IMG-20190222-WA0000.jpg 1200w\" sizes=\"(max-width: 768px) 100vw, 768px\" \/><\/a><\/figure><\/li><li class=\"blocks-gallery-item\"><figure><a href=\"https:\/\/sw-osterfeine.de\/wp-content\/uploads\/2019\/02\/IMG-20190222-WA0001-768x1024.jpg\" data-rel=\"lightbox-image-1\" data-rl_title=\"\" data-rl_caption=\"\" title=\"\"><img loading=\"lazy\" decoding=\"async\" width=\"768\" height=\"1024\" src=\"https:\/\/sw-osterfeine.de\/wp-content\/uploads\/2019\/02\/IMG-20190222-WA0001-768x1024.jpg\" alt=\"\" data-id=\"24440\" data-link=\"https:\/\/sw-osterfeine.de\/?attachment_id=24440\" class=\"wp-image-24440\" srcset=\"https:\/\/sw-osterfeine.de\/wp-content\/uploads\/2019\/02\/IMG-20190222-WA0001-768x1024.jpg 768w, https:\/\/sw-osterfeine.de\/wp-content\/uploads\/2019\/02\/IMG-20190222-WA0001-225x300.jpg 225w, https:\/\/sw-osterfeine.de\/wp-content\/uploads\/2019\/02\/IMG-20190222-WA0001.jpg 1200w\" sizes=\"(max-width: 768px) 100vw, 768px\" \/><\/a><\/figure><\/li><\/ul>\n\n\n\n<p>Spieler der 1.Mannschaft pr\u00e4perieren Sportlplatz in R\u00fcschendorf f\u00fcr den Trainingsbetrieb.<\/p>\n","protected":false},"excerpt":{"rendered":"<p>Spieler der 1.Mannschaft pr\u00e4perieren Sportlplatz in R\u00fcschendorf f\u00fcr den Trainingsbetrieb.<\/p>\n","protected":false},"author":3,"featured_media":0,"comment_status":"closed","ping_status":"closed","sticky":false,"template":"","format":"standard","meta":{"footnotes":""},"categories":[37],"tags":[],"_links":{"self":[{"href":"https:\/\/sw-osterfeine.de\/index.php?rest_route=\/wp\/v2\/posts\/24438"}],"collection":[{"href":"https:\/\/sw-osterfeine.de\/index.php?rest_route=\/wp\/v2\/posts"}],"about":[{"href":"https:\/\/sw-osterfeine.de\/index.php?rest_route=\/wp\/v2\/types\/post"}],"author":[{"embeddable":true,"href":"https:\/\/sw-osterfeine.de\/index.php?rest_route=\/wp\/v2\/users\/3"}],"replies":[{"embeddable":true,"href":"https:\/\/sw-osterfeine.de\/index.php?rest_route=%2Fwp%2Fv2%2Fcomments&post=24438"}],"version-history":[{"count":3,"href":"https:\/\/sw-osterfeine.de\/index.php?rest_route=\/wp\/v2\/posts\/24438\/revisions"}],"predecessor-version":[{"id":24443,"href":"https:\/\/sw-osterfeine.de\/index.php?rest_route=\/wp\/v2\/posts\/24438\/revisions\/24443"}],"wp:attachment":[{"href":"https:\/\/sw-osterfeine.de\/index.php?rest_route=%2Fwp%2Fv2%2Fmedia&parent=24438"}],"wp:term":[{"taxonomy":"category","embeddable":true,"href":"https:\/\/sw-osterfeine.de\/index.php?rest_route=%2Fwp%2Fv2%2Fcategories&post=24438"},{"taxonomy":"post_tag","embeddable":true,"href":"https:\/\/sw-osterfeine.de\/index.php?rest_route=%2Fwp%2Fv2%2Ftags&post=24438"}],"curies":[{"name":"wp","href":"https:\/\/api.w.org\/{rel}","templated":true}]}}