{"id":24462,"date":"2019-02-28T15:44:12","date_gmt":"2019-02-28T14:44:12","guid":{"rendered":"https:\/\/sw-osterfeine.de\/?p=24462"},"modified":"2019-02-28T15:44:12","modified_gmt":"2019-02-28T14:44:12","slug":"handball-im-osv","status":"publish","type":"post","link":"https:\/\/sw-osterfeine.de\/?p=24462","title":{"rendered":"Handball im OSV"},"content":{"rendered":"\n<p>Nach dem Dammer Carneval ist vor dem n\u00e4chsten\nSaisonspiel.<\/p>\n\n\n\n<p>Den Dammer Carneval frisch aus dem Knochen geht f\u00fcr\nunsere Handball-M\u00e4dels direkt weiter mit den n\u00e4chsten Saisonspielen.<\/p>\n\n\n\n<p>Die Osterfeiner Halle dient hier nur am Samstag, den\n02.03.2019 als Spielort. Folgende Begegnungen finden in der eigenen Halle\nstatt:<\/p>\n\n\n\n<p>14:00 Uhr&nbsp;&nbsp;&nbsp;&nbsp;&nbsp;&nbsp; 2.\nE-Jgd. &nbsp;&nbsp;&nbsp;&nbsp;&nbsp;&nbsp;&nbsp; geg.&nbsp;&nbsp;&nbsp;&nbsp; SV Cappeln<\/p>\n\n\n\n<p>15:30 Uhr&nbsp;&nbsp;&nbsp;&nbsp;&nbsp;&nbsp; C-Jgd.&nbsp;&nbsp;&nbsp;&nbsp;&nbsp;&nbsp;&nbsp;&nbsp;&nbsp;&nbsp;&nbsp;&nbsp; geg.&nbsp;&nbsp;&nbsp;&nbsp; SV Rot-Wei\u00df Damme <strong>(Derby!!!)<\/strong><\/p>\n\n\n\n<p>Ausw\u00e4rts wird es dagegen am Samstag bei der 1. und\n2. Damen spannend. Um 17:00 Uhr spielt unsere 2. Damen (2. Platz, 30:4 Punkte)\nausw\u00e4rts beim SV Quitt Ankum (1. Platz, 32:0 Punkte). Die Ankumer Damen stehen\nderzeit ungeschlagen an der Tabellenspitze und sind so nat\u00fcrlich erster\nAufstiegsfavorit. Doch unsere 2. Damen ist der erste Verfolger und will am\nSamstag den Abstand auf den Tabellenf\u00fchrer auf 2 Punkte verk\u00fcrzen.<\/p>\n\n\n\n<p>Vom Aufstiegsrennen zum Abstiegskampf. Unsere 1.\nDamen spielt am Samstag um 18:00 Uhr beim SV H\u00f6ltinghausen. Nach zwei\n\u00e4rgerlichen Niederlagen gegen direkte Konkurrenten im Abstiegskampf ist man auf\n\u00dcberraschungssiege angewiesen. Warum sollte dieses also nicht beim SV\nH\u00f6ltinghausen klappen? Im Hinspiel hat unsere 1. Damen bereits gezeigt, dass\nsie gegen den SV H\u00f6ltinghausen gewinnen kann (Endstand: 29:27 f\u00fcr den SWO).<\/p>\n\n\n\n<p>Am Sonntag, den 03.03.2019 sind unsere\nJugendmannschaften wieder im Einsatz.<\/p>\n\n\n\n<p>Unsere D-Jgd. spielt um 10:00 Uhr beim TV\nCloppenburg II und um 11:45 Uhr spielt unsere 1. E-Jgd. bei der TSG 07 Burg\nGretesch II.<\/p>\n\n\n\n<p>Alle unsere Mannschaften w\u00fcrden sich nat\u00fcrlich\nriesig \u00fcber lautstarke Unterst\u00fctzung von der Trib\u00fcne freuen. Insbesondere\nunsere beiden Damenmannschaften k\u00f6nnen lautstarke Unterst\u00fctzung bei ihren\nschwierigen Ausw\u00e4rtsspielen in Ankum und in H\u00f6ltinghausen gebrauchen.<\/p>\n\n\n\n<p>Also macht Euch auf in die Halle und feuert unsere\nM\u00e4dels an!<\/p>\n\n\n\n<p>Eure SWO-Handball-Redaktion<\/p>\n","protected":false},"excerpt":{"rendered":"<p>Nach dem Dammer Carneval ist vor dem n\u00e4chsten Saisonspiel. Den Dammer Carneval frisch aus dem Knochen geht f\u00fcr unsere Handball-M\u00e4dels direkt weiter mit den n\u00e4chsten Saisonspielen. Die Osterfeiner Halle dient hier nur am Samstag, den 02.03.2019 als Spielort. Folgende Begegnungen finden in der eigenen Halle statt: 14:00 Uhr&nbsp;&nbsp;&nbsp;&nbsp;&nbsp;&nbsp; 2. E-Jgd. &nbsp;&nbsp;&nbsp;&nbsp;&nbsp;&nbsp;&nbsp; geg.&nbsp;&nbsp;&nbsp;&nbsp; SV Cappeln 15:30 [&hellip;]<\/p>\n","protected":false},"author":3,"featured_media":0,"comment_status":"closed","ping_status":"closed","sticky":false,"template":"","format":"standard","meta":{"footnotes":""},"categories":[1],"tags":[],"_links":{"self":[{"href":"https:\/\/sw-osterfeine.de\/index.php?rest_route=\/wp\/v2\/posts\/24462"}],"collection":[{"href":"https:\/\/sw-osterfeine.de\/index.php?rest_route=\/wp\/v2\/posts"}],"about":[{"href":"https:\/\/sw-osterfeine.de\/index.php?rest_route=\/wp\/v2\/types\/post"}],"author":[{"embeddable":true,"href":"https:\/\/sw-osterfeine.de\/index.php?rest_route=\/wp\/v2\/users\/3"}],"replies":[{"embeddable":true,"href":"https:\/\/sw-osterfeine.de\/index.php?rest_route=%2Fwp%2Fv2%2Fcomments&post=24462"}],"version-history":[{"count":1,"href":"https:\/\/sw-osterfeine.de\/index.php?rest_route=\/wp\/v2\/posts\/24462\/revisions"}],"predecessor-version":[{"id":24463,"href":"https:\/\/sw-osterfeine.de\/index.php?rest_route=\/wp\/v2\/posts\/24462\/revisions\/24463"}],"wp:attachment":[{"href":"https:\/\/sw-osterfeine.de\/index.php?rest_route=%2Fwp%2Fv2%2Fmedia&parent=24462"}],"wp:term":[{"taxonomy":"category","embeddable":true,"href":"https:\/\/sw-osterfeine.de\/index.php?rest_route=%2Fwp%2Fv2%2Fcategories&post=24462"},{"taxonomy":"post_tag","embeddable":true,"href":"https:\/\/sw-osterfeine.de\/index.php?rest_route=%2Fwp%2Fv2%2Ftags&post=24462"}],"curies":[{"name":"wp","href":"https:\/\/api.w.org\/{rel}","templated":true}]}}