{"id":24516,"date":"2019-03-15T08:06:02","date_gmt":"2019-03-15T07:06:02","guid":{"rendered":"https:\/\/sw-osterfeine.de\/?p=24516"},"modified":"2019-03-15T08:06:02","modified_gmt":"2019-03-15T07:06:02","slug":"dritte-und-vierte-noch-im-sparmodus","status":"publish","type":"post","link":"https:\/\/sw-osterfeine.de\/?p=24516","title":{"rendered":"Dritte und Vierte noch im Sparmodus"},"content":{"rendered":"\n<p>Eine 6:0\nHeimniederlage gegen den souver\u00e4nen Tabellenf\u00fchrer TuS Neuenkirchen II f\u00fcr\nunsere Dritte und jeweils eine Spielabsage am vergangenen Wochenende f\u00fcr unsere\nDritte und Vierte umfassen den R\u00fcckrundenauftakt unserer\nKreisklassenmannschaften.<\/p>\n\n\n\n<p>Und auch an\ndiesem Wochenende spielt nur die Vierte am Sonntag um 13.15 Uhr in Holdorf IV.\nDie Dritte ist an diesem Spieltag frei.<\/p>\n\n\n\n<p>Somit\nbesteht die M\u00f6glichkeit, die durch die lange Winterpause entstandenen Defizite\ndurch weiteres Training etwas auszugleichen.<\/p>\n\n\n\n<p>Hoffen wir,\ndass bald alle Spieler wieder fit werden und die Trainingsbedingungen sich\ndurch die Regenf\u00e4lle nicht weiter verschlechtern.<\/p>\n\n\n\n<p>Training ist\nweiterhin am Donnerstag um 19.00 Uhr in Osterfeine.<\/p>\n","protected":false},"excerpt":{"rendered":"<p>Eine 6:0 Heimniederlage gegen den souver\u00e4nen Tabellenf\u00fchrer TuS Neuenkirchen II f\u00fcr unsere Dritte und jeweils eine Spielabsage am vergangenen Wochenende f\u00fcr unsere Dritte und Vierte umfassen den R\u00fcckrundenauftakt unserer Kreisklassenmannschaften. Und auch an diesem Wochenende spielt nur die Vierte am Sonntag um 13.15 Uhr in Holdorf IV. Die Dritte ist an diesem Spieltag frei. Somit [&hellip;]<\/p>\n","protected":false},"author":3,"featured_media":0,"comment_status":"closed","ping_status":"closed","sticky":false,"template":"","format":"standard","meta":{"footnotes":""},"categories":[3],"tags":[],"_links":{"self":[{"href":"https:\/\/sw-osterfeine.de\/index.php?rest_route=\/wp\/v2\/posts\/24516"}],"collection":[{"href":"https:\/\/sw-osterfeine.de\/index.php?rest_route=\/wp\/v2\/posts"}],"about":[{"href":"https:\/\/sw-osterfeine.de\/index.php?rest_route=\/wp\/v2\/types\/post"}],"author":[{"embeddable":true,"href":"https:\/\/sw-osterfeine.de\/index.php?rest_route=\/wp\/v2\/users\/3"}],"replies":[{"embeddable":true,"href":"https:\/\/sw-osterfeine.de\/index.php?rest_route=%2Fwp%2Fv2%2Fcomments&post=24516"}],"version-history":[{"count":1,"href":"https:\/\/sw-osterfeine.de\/index.php?rest_route=\/wp\/v2\/posts\/24516\/revisions"}],"predecessor-version":[{"id":24517,"href":"https:\/\/sw-osterfeine.de\/index.php?rest_route=\/wp\/v2\/posts\/24516\/revisions\/24517"}],"wp:attachment":[{"href":"https:\/\/sw-osterfeine.de\/index.php?rest_route=%2Fwp%2Fv2%2Fmedia&parent=24516"}],"wp:term":[{"taxonomy":"category","embeddable":true,"href":"https:\/\/sw-osterfeine.de\/index.php?rest_route=%2Fwp%2Fv2%2Fcategories&post=24516"},{"taxonomy":"post_tag","embeddable":true,"href":"https:\/\/sw-osterfeine.de\/index.php?rest_route=%2Fwp%2Fv2%2Ftags&post=24516"}],"curies":[{"name":"wp","href":"https:\/\/api.w.org\/{rel}","templated":true}]}}