{"id":24520,"date":"2019-03-15T08:08:15","date_gmt":"2019-03-15T07:08:15","guid":{"rendered":"https:\/\/sw-osterfeine.de\/?p=24520"},"modified":"2019-03-15T08:08:15","modified_gmt":"2019-03-15T07:08:15","slug":"trainersuche-beendet-2","status":"publish","type":"post","link":"https:\/\/sw-osterfeine.de\/?p=24520","title":{"rendered":"Trainersuche beendet"},"content":{"rendered":"\n<p>Die Trainersuche f\u00fcr die 1. Damen-Mannschaft ist beendet.<\/p>\n\n\n\n<p>Ab Sommer wird Heinz Rawe die Verantwortung f\u00fcr die 1. Damen\nMannschaft von Schwarz-Wei\u00df Osterfeine \u00fcbernehmen.<\/p>\n\n\n\n<p>Heinz war vorher als langj\u00e4hriger Trainer der 1. und 2.\nDamen in M\u00fchlen aktiv, sowie als Schiedsrichter.<\/p>\n\n\n\n<p>In dieser Funktion hat er die Osterfeiner&nbsp; Halle schon h\u00e4ufig als Gast besucht und kennt\nsich bestens mit den Gegebenheiten aus. <\/p>\n\n\n\n<p>Es ist uns daher eine gro\u00dfe Freude, dass wir diesen\nerfahrenen Trainer f\u00fcr Osterfeine gewinnen konnten.<\/p>\n\n\n\n<p>Wir w\u00fcnschen Ihm und der Mannschaft f\u00fcr die Zukunft alles\nGute und viel Erfolg bei den gemeinsamen Aufgaben.<\/p>\n","protected":false},"excerpt":{"rendered":"<p>Die Trainersuche f\u00fcr die 1. Damen-Mannschaft ist beendet. Ab Sommer wird Heinz Rawe die Verantwortung f\u00fcr die 1. Damen Mannschaft von Schwarz-Wei\u00df Osterfeine \u00fcbernehmen. Heinz war vorher als langj\u00e4hriger Trainer der 1. und 2. Damen in M\u00fchlen aktiv, sowie als Schiedsrichter. In dieser Funktion hat er die Osterfeiner&nbsp; Halle schon h\u00e4ufig als Gast besucht und [&hellip;]<\/p>\n","protected":false},"author":3,"featured_media":0,"comment_status":"closed","ping_status":"closed","sticky":false,"template":"","format":"standard","meta":{"footnotes":""},"categories":[1],"tags":[],"_links":{"self":[{"href":"https:\/\/sw-osterfeine.de\/index.php?rest_route=\/wp\/v2\/posts\/24520"}],"collection":[{"href":"https:\/\/sw-osterfeine.de\/index.php?rest_route=\/wp\/v2\/posts"}],"about":[{"href":"https:\/\/sw-osterfeine.de\/index.php?rest_route=\/wp\/v2\/types\/post"}],"author":[{"embeddable":true,"href":"https:\/\/sw-osterfeine.de\/index.php?rest_route=\/wp\/v2\/users\/3"}],"replies":[{"embeddable":true,"href":"https:\/\/sw-osterfeine.de\/index.php?rest_route=%2Fwp%2Fv2%2Fcomments&post=24520"}],"version-history":[{"count":1,"href":"https:\/\/sw-osterfeine.de\/index.php?rest_route=\/wp\/v2\/posts\/24520\/revisions"}],"predecessor-version":[{"id":24521,"href":"https:\/\/sw-osterfeine.de\/index.php?rest_route=\/wp\/v2\/posts\/24520\/revisions\/24521"}],"wp:attachment":[{"href":"https:\/\/sw-osterfeine.de\/index.php?rest_route=%2Fwp%2Fv2%2Fmedia&parent=24520"}],"wp:term":[{"taxonomy":"category","embeddable":true,"href":"https:\/\/sw-osterfeine.de\/index.php?rest_route=%2Fwp%2Fv2%2Fcategories&post=24520"},{"taxonomy":"post_tag","embeddable":true,"href":"https:\/\/sw-osterfeine.de\/index.php?rest_route=%2Fwp%2Fv2%2Ftags&post=24520"}],"curies":[{"name":"wp","href":"https:\/\/api.w.org\/{rel}","templated":true}]}}