{"id":24522,"date":"2019-03-15T08:09:08","date_gmt":"2019-03-15T07:09:08","guid":{"rendered":"https:\/\/sw-osterfeine.de\/?p=24522"},"modified":"2019-03-15T08:09:44","modified_gmt":"2019-03-15T07:09:44","slug":"1-herren-bericht-10","status":"publish","type":"post","link":"https:\/\/sw-osterfeine.de\/?p=24522","title":{"rendered":"1. Herren Bericht"},"content":{"rendered":"\n<p> Hallo und herzlich Willkommen zum zweiten Heimspiel der R\u00fcckserie gegen VfL Oythe II.<\/p>\n\n\n\n<p>Mit  einem 5:1-Sieg gegen GW Brockdorf begannen wir unseren  R\u00fcckrundenauftakt am Sonntag vor zwei Wochen. Mit dem G\u00e4sten hatten wir  keinen leichten Gegner vor der Brust, zumal sie die letzten sechs Spiele  in Folge gewannen. Dennoch zeigten wir eine sehr gute Defensivleistung,  die den Gegner nur schwer ins Spiel kommen lie\u00df. Offensiv betrachtet  nutzten wir unsere Chancen \u00fcberwiegend gut aus, weshalb ein deutlicher  Heimsieg auf dem Papier steht. Mit einem Dreierpack war Maximilian St\u00e4rk  der Mann des Tages. Die anderen Tore erzielten Christian Harpenau und  Felix Piening.<\/p>\n\n\n\n<p>Das  Ausw\u00e4rtsspiel am vergangenen Sonntag gegen SV Falke Steinfeld gestaltete  sich im Gegensatz dazu deutlich schwieriger. Der  Bezirksliga-Tabellenerste stellte uns vor eine gro\u00dfe Aufgabe, der wir  uns aber gewachsen f\u00fchlten. Bei anf\u00e4nglich leichtem Regen startete ein  von der ersten Minute an ausgeglichenes Spiel, dass am Ende in einem  Wetterchaos endete. Durch eine missgl\u00fcckte Flanke mitte der zweiten  Halbzeit gelang Steinfeld der F\u00fchrungstreffer. Wir dr\u00fcckten auf den  Ausgleich, jedoch machte der nasskalte Schneeregen und der tiefe Rasen  die ganze Sache nicht einfacher. So hatten wir noch einige kleinere  Torchancen, konnten das Spiel jedoch nicht mehr drehen. In der letzten  Minute der Partie nutzte Steinfeld einen blitzschnellen Konter zum  2:0-Endstand der.<\/p>\n\n\n\n<p>Jetzt  gilt voller Fokus auf das Spiel gegen VfL Oythe II, das uns wichtige  Punkte im Kampf um den Klassenerhalt bringen kann. Die Hinrundenpartie  gewannen wir mit 4:1, also lasst uns hoffen, dass wir die Oyther wieder  mit leeren H\u00e4nden nach Hause schicken k\u00f6nnen. Wir sind hei\u00df auf einen  Sieg!<\/p>\n\n\n\n<p>Seid ihr es auch?<\/p>\n\n\n\n<p><br>Mit sportlichen Gr\u00fc\u00dfen<br>Steffen Wehri <\/p>\n","protected":false},"excerpt":{"rendered":"<p>Hallo und herzlich Willkommen zum zweiten Heimspiel der R\u00fcckserie gegen VfL Oythe II. Mit einem 5:1-Sieg gegen GW Brockdorf begannen wir unseren R\u00fcckrundenauftakt am Sonntag vor zwei Wochen. Mit dem G\u00e4sten hatten wir keinen leichten Gegner vor der Brust, zumal sie die letzten sechs Spiele in Folge gewannen. Dennoch zeigten wir eine sehr gute Defensivleistung, [&hellip;]<\/p>\n","protected":false},"author":3,"featured_media":0,"comment_status":"closed","ping_status":"closed","sticky":false,"template":"","format":"standard","meta":{"footnotes":""},"categories":[3],"tags":[],"_links":{"self":[{"href":"https:\/\/sw-osterfeine.de\/index.php?rest_route=\/wp\/v2\/posts\/24522"}],"collection":[{"href":"https:\/\/sw-osterfeine.de\/index.php?rest_route=\/wp\/v2\/posts"}],"about":[{"href":"https:\/\/sw-osterfeine.de\/index.php?rest_route=\/wp\/v2\/types\/post"}],"author":[{"embeddable":true,"href":"https:\/\/sw-osterfeine.de\/index.php?rest_route=\/wp\/v2\/users\/3"}],"replies":[{"embeddable":true,"href":"https:\/\/sw-osterfeine.de\/index.php?rest_route=%2Fwp%2Fv2%2Fcomments&post=24522"}],"version-history":[{"count":2,"href":"https:\/\/sw-osterfeine.de\/index.php?rest_route=\/wp\/v2\/posts\/24522\/revisions"}],"predecessor-version":[{"id":24524,"href":"https:\/\/sw-osterfeine.de\/index.php?rest_route=\/wp\/v2\/posts\/24522\/revisions\/24524"}],"wp:attachment":[{"href":"https:\/\/sw-osterfeine.de\/index.php?rest_route=%2Fwp%2Fv2%2Fmedia&parent=24522"}],"wp:term":[{"taxonomy":"category","embeddable":true,"href":"https:\/\/sw-osterfeine.de\/index.php?rest_route=%2Fwp%2Fv2%2Fcategories&post=24522"},{"taxonomy":"post_tag","embeddable":true,"href":"https:\/\/sw-osterfeine.de\/index.php?rest_route=%2Fwp%2Fv2%2Ftags&post=24522"}],"curies":[{"name":"wp","href":"https:\/\/api.w.org\/{rel}","templated":true}]}}