{"id":24556,"date":"2019-03-20T11:30:46","date_gmt":"2019-03-20T10:30:46","guid":{"rendered":"https:\/\/sw-osterfeine.de\/?p=24556"},"modified":"2019-03-20T11:30:46","modified_gmt":"2019-03-20T10:30:46","slug":"darts-abteilung-sucht-neue-mitglieder","status":"publish","type":"post","link":"https:\/\/sw-osterfeine.de\/?p=24556","title":{"rendered":"Darts-Abteilung sucht neue Mitglieder"},"content":{"rendered":"\n<p>Unsere neuer\u00f6ffnete Darts-Abteilung l\u00e4uft momentan einfach\ngut. Die Pfeilwerfer treffen sich w\u00f6chentlich in drei verschiedenen\nTrainingsgruppen zu ein paar Runden Darts. Dienstags, mittwochs und donnerstags\nab 19:00 Uhr wird der umfunktionierte Clubraum beim Sportplatz in R\u00fcschendorf\nzum Schauort spannender, meist auch lustiger, Duelle.<\/p>\n\n\n\n<p>Dennoch wird auch weiterhin nach neuen Darts-Fanatikern gesucht, die sich dieser aufregenden Sportart verbunden f\u00fchlen. Also, besucht an einem der Trainingstermine unseren Clubraum in R\u00fcschendorf oder meldet euch einfach bei Steffen Imsieke (Tel. 0177\/7593721) und werdet Teil unserer neuen Dartsabteilung.<\/p>\n\n\n\n<p>Game on!<\/p>\n","protected":false},"excerpt":{"rendered":"<p>Unsere neuer\u00f6ffnete Darts-Abteilung l\u00e4uft momentan einfach gut. Die Pfeilwerfer treffen sich w\u00f6chentlich in drei verschiedenen Trainingsgruppen zu ein paar Runden Darts. Dienstags, mittwochs und donnerstags ab 19:00 Uhr wird der umfunktionierte Clubraum beim Sportplatz in R\u00fcschendorf zum Schauort spannender, meist auch lustiger, Duelle. Dennoch wird auch weiterhin nach neuen Darts-Fanatikern gesucht, die sich dieser aufregenden [&hellip;]<\/p>\n","protected":false},"author":3,"featured_media":0,"comment_status":"closed","ping_status":"closed","sticky":false,"template":"","format":"standard","meta":{"footnotes":""},"categories":[81],"tags":[],"_links":{"self":[{"href":"https:\/\/sw-osterfeine.de\/index.php?rest_route=\/wp\/v2\/posts\/24556"}],"collection":[{"href":"https:\/\/sw-osterfeine.de\/index.php?rest_route=\/wp\/v2\/posts"}],"about":[{"href":"https:\/\/sw-osterfeine.de\/index.php?rest_route=\/wp\/v2\/types\/post"}],"author":[{"embeddable":true,"href":"https:\/\/sw-osterfeine.de\/index.php?rest_route=\/wp\/v2\/users\/3"}],"replies":[{"embeddable":true,"href":"https:\/\/sw-osterfeine.de\/index.php?rest_route=%2Fwp%2Fv2%2Fcomments&post=24556"}],"version-history":[{"count":3,"href":"https:\/\/sw-osterfeine.de\/index.php?rest_route=\/wp\/v2\/posts\/24556\/revisions"}],"predecessor-version":[{"id":24559,"href":"https:\/\/sw-osterfeine.de\/index.php?rest_route=\/wp\/v2\/posts\/24556\/revisions\/24559"}],"wp:attachment":[{"href":"https:\/\/sw-osterfeine.de\/index.php?rest_route=%2Fwp%2Fv2%2Fmedia&parent=24556"}],"wp:term":[{"taxonomy":"category","embeddable":true,"href":"https:\/\/sw-osterfeine.de\/index.php?rest_route=%2Fwp%2Fv2%2Fcategories&post=24556"},{"taxonomy":"post_tag","embeddable":true,"href":"https:\/\/sw-osterfeine.de\/index.php?rest_route=%2Fwp%2Fv2%2Ftags&post=24556"}],"curies":[{"name":"wp","href":"https:\/\/api.w.org\/{rel}","templated":true}]}}