{"id":24573,"date":"2019-03-25T08:42:29","date_gmt":"2019-03-25T07:42:29","guid":{"rendered":"https:\/\/sw-osterfeine.de\/?p=24573"},"modified":"2019-03-25T08:42:29","modified_gmt":"2019-03-25T07:42:29","slug":"1-kreisklasse-a-jugend","status":"publish","type":"post","link":"https:\/\/sw-osterfeine.de\/?p=24573","title":{"rendered":"1. Kreisklasse A-Jugend"},"content":{"rendered":"\n<p>VFL Oythe II&nbsp;&nbsp;&nbsp;&nbsp;&nbsp;&nbsp;&nbsp;&nbsp;&nbsp;&nbsp;&nbsp;&nbsp;&nbsp;&nbsp;&nbsp;&nbsp;&nbsp;&nbsp;&nbsp;&nbsp;&nbsp; <strong>2:1<\/strong>&nbsp;&nbsp;&nbsp;&nbsp;&nbsp;&nbsp;&nbsp;&nbsp;&nbsp;&nbsp;&nbsp;&nbsp;&nbsp;&nbsp;&nbsp;&nbsp;&nbsp;&nbsp;&nbsp;&nbsp;&nbsp;&nbsp;&nbsp;&nbsp; SW Osterfeine<\/p>\n\n\n\n<p>Im zweiten\nPunktspiel standen sich zwei Teams gegen\u00fcber, die ihren R\u00fcckrundenstart\nvermasselten. Oythe musste sich gegen den Mitfavoriten RW Visbek nur knapp\ngeschlagen geben (1:0) und wir kamen in Bakum gegen die Spielgemeinschaft\nBa\/Ca\/L\u00fc unter die R\u00e4der.<\/p>\n\n\n\n<p>Das Spiel war\ngepr\u00e4gt von langen B\u00e4llen, da auf dem holprigen Gel\u00e4uf kein&nbsp; Kombinationsfussball m\u00f6glich war. In der ersten\nHalbzeit war die Partie sehr ausgeglichen bis wir durch Erik Schulte (34 Min.)\nin F\u00fchrung gingen. Im Anschluss bekamen wir mehr Spielanteile. <\/p>\n\n\n\n<p>Nach der\nHalbzeit brauchten wir ca. 20 Min. bis wir dort weiter machten, wo wir in der\nersten Halbzeit aufgeh\u00f6rt haben. Wir agierten nach der Halbzeit einfach zu\nbeh\u00e4big und ohne Biss. Dies nutzte Oythe eiskalt aus. Zun\u00e4chst bekam Oythe\neinen berechtigten Elfmeter zugesprochen (51 Min.). Diesen konnte Louis\nStaffehl parieren, aber Oythe war einfach wacher und konnte per Abstauber\nausgleichen. In der 66 Minute ein \u00e4hnliches Bild. Eine Glanzparade von Louis\nverhinderte noch das 1:2. Doch Oythe setzte erfolgreich nach und erzielte per\nAbstauber die gegnerische F\u00fchrung. Nach dem R\u00fcckstand wurden nochmals alle\nKr\u00e4fte mobilisiert und der Wille war zu erkennen doch noch etwas z\u00e4hlbares aus\nOythe mitzunehmen, aber bei einigen Spielern war die Kraft aufgebraucht. Insgesamt\neine unn\u00f6tige Niederlage gegen einen gleichwertigen Gegner. <\/p>\n\n\n\n<p>Am kommenden\nSamstag bestreiten wir unser erstes Heimspiel gegen GW Brockdorf III. Ein neuer\nVersuch die ersten Punkte einzufahren. &nbsp;&nbsp;<\/p>\n\n\n\n<p>Mit sportlichen Gru\u00df<\/p>\n\n\n\n<p>A-Jugend SW\nOsterfeine<\/p>\n","protected":false},"excerpt":{"rendered":"<p>VFL Oythe II&nbsp;&nbsp;&nbsp;&nbsp;&nbsp;&nbsp;&nbsp;&nbsp;&nbsp;&nbsp;&nbsp;&nbsp;&nbsp;&nbsp;&nbsp;&nbsp;&nbsp;&nbsp;&nbsp;&nbsp;&nbsp; 2:1&nbsp;&nbsp;&nbsp;&nbsp;&nbsp;&nbsp;&nbsp;&nbsp;&nbsp;&nbsp;&nbsp;&nbsp;&nbsp;&nbsp;&nbsp;&nbsp;&nbsp;&nbsp;&nbsp;&nbsp;&nbsp;&nbsp;&nbsp;&nbsp; SW Osterfeine Im zweiten Punktspiel standen sich zwei Teams gegen\u00fcber, die ihren R\u00fcckrundenstart vermasselten. Oythe musste sich gegen den Mitfavoriten RW Visbek nur knapp geschlagen geben (1:0) und wir kamen in Bakum gegen die Spielgemeinschaft Ba\/Ca\/L\u00fc unter die R\u00e4der. Das Spiel war gepr\u00e4gt von langen B\u00e4llen, da auf dem holprigen Gel\u00e4uf [&hellip;]<\/p>\n","protected":false},"author":3,"featured_media":0,"comment_status":"closed","ping_status":"closed","sticky":false,"template":"","format":"standard","meta":{"footnotes":""},"categories":[3],"tags":[],"_links":{"self":[{"href":"https:\/\/sw-osterfeine.de\/index.php?rest_route=\/wp\/v2\/posts\/24573"}],"collection":[{"href":"https:\/\/sw-osterfeine.de\/index.php?rest_route=\/wp\/v2\/posts"}],"about":[{"href":"https:\/\/sw-osterfeine.de\/index.php?rest_route=\/wp\/v2\/types\/post"}],"author":[{"embeddable":true,"href":"https:\/\/sw-osterfeine.de\/index.php?rest_route=\/wp\/v2\/users\/3"}],"replies":[{"embeddable":true,"href":"https:\/\/sw-osterfeine.de\/index.php?rest_route=%2Fwp%2Fv2%2Fcomments&post=24573"}],"version-history":[{"count":1,"href":"https:\/\/sw-osterfeine.de\/index.php?rest_route=\/wp\/v2\/posts\/24573\/revisions"}],"predecessor-version":[{"id":24574,"href":"https:\/\/sw-osterfeine.de\/index.php?rest_route=\/wp\/v2\/posts\/24573\/revisions\/24574"}],"wp:attachment":[{"href":"https:\/\/sw-osterfeine.de\/index.php?rest_route=%2Fwp%2Fv2%2Fmedia&parent=24573"}],"wp:term":[{"taxonomy":"category","embeddable":true,"href":"https:\/\/sw-osterfeine.de\/index.php?rest_route=%2Fwp%2Fv2%2Fcategories&post=24573"},{"taxonomy":"post_tag","embeddable":true,"href":"https:\/\/sw-osterfeine.de\/index.php?rest_route=%2Fwp%2Fv2%2Ftags&post=24573"}],"curies":[{"name":"wp","href":"https:\/\/api.w.org\/{rel}","templated":true}]}}