{"id":24576,"date":"2019-03-25T09:37:32","date_gmt":"2019-03-25T08:37:32","guid":{"rendered":"https:\/\/sw-osterfeine.de\/?p=24576"},"modified":"2019-03-25T09:37:32","modified_gmt":"2019-03-25T08:37:32","slug":"kompliment-an-unsere-jungs","status":"publish","type":"post","link":"https:\/\/sw-osterfeine.de\/?p=24576","title":{"rendered":"Kompliment an unsere Jungs!!"},"content":{"rendered":"\n<p>Leider nur\nwenige OSV-Fans nahmen am Sonntag die weite Reise nach Ramsloh zum\nAusw\u00e4rtsspiel unserer I-Herrenmannschaft in Angriff. Doch die Fans, die dabei\nwaren, erlebten schon ein interessantes Fu\u00dfballspiel. Im Gep\u00e4ck nach Ramsloh\nnahm unsere Mannschaft die Erinnerung an die 1:2 Hinspielheimniederlage und den\n\u201eLastminute\u201c Gegentreffer vom vergangenen Sonntag gegen Oythe II mit auf die\nReise.<\/p>\n\n\n\n<p>Doch unsere\nMannschaft zeigte von Beginn an Charakter und gewann am Ende verdient mit 1:0.\nAber bis dahin war eine Menge Arbeit f\u00fcr unsere Jungs zu leisten. Zum Gl\u00fcck\nkonnte Schnubby an diesem Sonntag sein Tor sauber halten \u2013 zu Null spricht\nimmer f\u00fcr den Torwart \u2013 und Schnubby Kompliment f\u00fcr Deine Fairplay-Aktion, das\nmacht nicht mehr jeder!! F\u00fcr keinen Zweikampf zu schade waren sich unsere\nInnenverteidigerer Harpe M. und Bambus, Flo und Martin ackerten jeder f\u00fcr zwei\nauf Au\u00dfen, Schoko und unser Kapit\u00e4n &nbsp;Patty gingen bis an ihre k\u00f6rperlichen Grenzen,\nSchiffi \u2013 unser Vorbild an Bereitschaft und Verantwortung &#8211; und Felix hatten\nextrem weite Wege auf dem gro\u00dfen Platz zu absolvieren und Maxi und Muck halfen\ndem ganzen Team in der Defensive und sorgten auch nach vorne immer wieder f\u00fcr\nAngriffe von Osterfeine. Nicht ohne Grund sanken fast alle Spieler nach dem\nSpiel entkr\u00e4ftet zu Boden, aber es hatte sich gelohnt. Ein Riesenkompliment f\u00fcr\nEuren Megakampfgeist.<\/p>\n\n\n\n<p>Doch auch\ndie Reservisten gaben an diesem Sonntag alles, egal ob eingewechselt oder\nnicht. Besonders Freddy sorgte als Auswechselspieler f\u00fcr ein Novum in unserem\nVerein, er erhielt sogar beim Warmmachen f\u00fcr seinen vollen Einsatz eine gelbe\nKarte.<\/p>\n\n\n\n<p>Mannschaft\nund Fans waren nach dem Spiel und dem Zittern bis zum Schluss erleichtert ob\ndes Sieges, aber das Spiel hat auch gezeigt: Immer weiter gemeinschaftlich\nk\u00e4mpfen, nur dann \u2013 aber auch nur dann \u2013 k\u00f6nnen wir zu Punkten in der\nBezirksliga kommen. <\/p>\n\n\n\n<p>Daher ist\njetzt auch kein Durchatmen angesagt, sondern das n\u00e4chste Spiel ins Auge zu\nfassen. SFN Vechta konnte uns in der Hinserie mit 4:3 eine bittere\nHeimniederlage beif\u00fcgen, das Ergebnis sollten also alle im Auge haben, wenn es\nin die Kreisstadt am Sonntag geht. Mit 4:1 siegte Vechta am Wochenende in Oythe\nund die Mannschaft von Vechta wurde in der Winterpause durch weitere Zug\u00e4nge\nverst\u00e4rkt.<\/p>\n\n\n\n<p>Wer am\nSonntag Zeit hat, sollte sich auf den Weg nach Vechta machen und unsere Jungs\nunterst\u00fctzen, damit sie das Hinspielergebnis vielleicht verbessern k\u00f6nnen.<\/p>\n\n\n\n<p>Viel Gl\u00fcck,\nfeuert Euch weiter so an und k\u00e4mpft immer weiter!!!!!!!!<\/p>\n","protected":false},"excerpt":{"rendered":"<p>Leider nur wenige OSV-Fans nahmen am Sonntag die weite Reise nach Ramsloh zum Ausw\u00e4rtsspiel unserer I-Herrenmannschaft in Angriff. Doch die Fans, die dabei waren, erlebten schon ein interessantes Fu\u00dfballspiel. Im Gep\u00e4ck nach Ramsloh nahm unsere Mannschaft die Erinnerung an die 1:2 Hinspielheimniederlage und den \u201eLastminute\u201c Gegentreffer vom vergangenen Sonntag gegen Oythe II mit auf die [&hellip;]<\/p>\n","protected":false},"author":3,"featured_media":0,"comment_status":"closed","ping_status":"closed","sticky":false,"template":"","format":"standard","meta":{"footnotes":""},"categories":[3],"tags":[],"_links":{"self":[{"href":"https:\/\/sw-osterfeine.de\/index.php?rest_route=\/wp\/v2\/posts\/24576"}],"collection":[{"href":"https:\/\/sw-osterfeine.de\/index.php?rest_route=\/wp\/v2\/posts"}],"about":[{"href":"https:\/\/sw-osterfeine.de\/index.php?rest_route=\/wp\/v2\/types\/post"}],"author":[{"embeddable":true,"href":"https:\/\/sw-osterfeine.de\/index.php?rest_route=\/wp\/v2\/users\/3"}],"replies":[{"embeddable":true,"href":"https:\/\/sw-osterfeine.de\/index.php?rest_route=%2Fwp%2Fv2%2Fcomments&post=24576"}],"version-history":[{"count":1,"href":"https:\/\/sw-osterfeine.de\/index.php?rest_route=\/wp\/v2\/posts\/24576\/revisions"}],"predecessor-version":[{"id":24577,"href":"https:\/\/sw-osterfeine.de\/index.php?rest_route=\/wp\/v2\/posts\/24576\/revisions\/24577"}],"wp:attachment":[{"href":"https:\/\/sw-osterfeine.de\/index.php?rest_route=%2Fwp%2Fv2%2Fmedia&parent=24576"}],"wp:term":[{"taxonomy":"category","embeddable":true,"href":"https:\/\/sw-osterfeine.de\/index.php?rest_route=%2Fwp%2Fv2%2Fcategories&post=24576"},{"taxonomy":"post_tag","embeddable":true,"href":"https:\/\/sw-osterfeine.de\/index.php?rest_route=%2Fwp%2Fv2%2Ftags&post=24576"}],"curies":[{"name":"wp","href":"https:\/\/api.w.org\/{rel}","templated":true}]}}