{"id":24615,"date":"2019-04-01T11:26:07","date_gmt":"2019-04-01T09:26:07","guid":{"rendered":"https:\/\/sw-osterfeine.de\/?p=24615"},"modified":"2019-04-01T11:26:07","modified_gmt":"2019-04-01T09:26:07","slug":"laeufer-von-swo-an-zwei-wettkaempfe-vertreten","status":"publish","type":"post","link":"https:\/\/sw-osterfeine.de\/?p=24615","title":{"rendered":"L\u00e4ufer von SWO an zwei Wettk\u00e4mpfe vertreten"},"content":{"rendered":"\n<p>Die\nbekommen wohl nicht genug\u2026..gleich an zwei Volksl\u00e4ufen waren unsere Dauerl\u00e4ufer\naus Osterfeine vertreten. Zum einen ging es f\u00fcr 4 Vertreter nach Badbergen zum\n2. Wertungslauf des Sparkassencup. Zum anderen reisten 6 von uns nach\nIbbenb\u00fcren zum Klippenlauf.<\/p>\n\n\n\n<p><strong>13. Badberger Fr\u00fchlingslauf<\/strong><\/p>\n\n\n\n<p>Bilderbuchwetter begleitete die insgesamt 270 L\u00e4uferinnen und L\u00e4ufer, die sich beim 13. Badberger Fr\u00fchlingslauf \u00fcber die insgesamt drei unterschiedlichen Distanzen begaben.<\/p>\n\n\n\n<p>Den Anfang machten die j\u00fcngsten Ausdauersportler beim Sch\u00fclerlauf \u00fcber die 2,1 Kilometer lange Strecke. Gemeinsam erfolgte anschlie\u00dfend der Startschuss f\u00fcr die insgesamt 223 Aktiven im Jedermannlauf \u00fcber 5 Kilometer und dem Hauptlauf \u00fcber 10,2 Kilometer, der gleichzeitig der zweite Wertungslauf zum Sparkassen-Cup 2019 war. <\/p>\n\n\n\n<p>Die schnelle und weitblickende landschaftliche Strecke war bestens ausgeschildert und durch die Freiwillige Feuerwehr an den Knotenpunkten sehr gut abgesperrt. Vor der gro\u00dfen Siegerehrung in der Aula der Grundschule Badbergen nutzten die Teilnehmer der Veranstaltung das reichhaltige Kuchenbuffet zu einer willkommenen St\u00e4rkung. Die Organisatoren des TuS zeigten sich sehr zufrieden mit dem Ablauf des 13. Badberger Fr\u00fchlingslaufes. Von A wie Anmeldung bis Z wie Zeitnahme hat alles reibungslos geklappt. Der TuS sagt nochmals ein gro\u00dfes Dankesch\u00f6n an die vielen freiwilligen Helfer, der Freiwilligen Feuerwehr Badbergen, dem DRK und den Sponsoren f\u00fcr die vorbildliche Unterst\u00fctzung. <\/p>\n\n\n\n<p>Getr\u00fcbt wurden die vielen positiven Eindr\u00fccke durch die Nachricht, die die Organisatoren w\u00e4hrend der Veranstaltung erreichte, dass Johannes Wanstrath aus Osnabr\u00fcck vor einigen Tagen beim Joggen tot zusammengebrochen war. Johannes Wanstrath geh\u00f6rte seit Jahren als Aktiver zum festen Teilnehmerstamm der Sparkassen-Cup Laufserie. Mit einer Schweigeminute gedachten die Teilnehmer an ihren Lauffreund.<\/p>\n\n\n\n<p><em>Ergebnisse im \u00dcberlick<\/em><\/p>\n\n\n\n<p><strong>5km M\u00e4nner<\/strong><\/p>\n\n\n\n<p>Dennis\nSteinkamp&nbsp;&nbsp;&nbsp;&nbsp;&nbsp;&nbsp;&nbsp;&nbsp;&nbsp;&nbsp;&nbsp;&nbsp;&nbsp;&nbsp;&nbsp;&nbsp;&nbsp;&nbsp;&nbsp;&nbsp;&nbsp;&nbsp;&nbsp;&nbsp;&nbsp;&nbsp;&nbsp;&nbsp;&nbsp; 26:54\nmin.&nbsp;&nbsp;&nbsp;&nbsp;&nbsp;&nbsp;&nbsp;&nbsp;&nbsp;&nbsp;&nbsp;&nbsp;&nbsp;&nbsp;&nbsp;&nbsp;&nbsp; Ges.Pl. 32<\/p>\n\n\n\n<p><strong>10,2km M\u00e4nner<\/strong><\/p>\n\n\n\n<p>Dawid\nWadulla&nbsp;&nbsp;&nbsp;&nbsp;&nbsp;&nbsp;&nbsp;&nbsp;&nbsp;&nbsp;&nbsp;&nbsp;&nbsp;&nbsp;&nbsp;&nbsp;&nbsp;&nbsp;&nbsp;&nbsp;&nbsp;&nbsp;&nbsp;&nbsp;&nbsp;&nbsp;&nbsp;&nbsp;&nbsp;&nbsp;&nbsp;&nbsp; 42:01\nmin.&nbsp;&nbsp;&nbsp;&nbsp;&nbsp;&nbsp;&nbsp;&nbsp;&nbsp;&nbsp;&nbsp;&nbsp;&nbsp;&nbsp;&nbsp;&nbsp;&nbsp; Ges.Pl. 19<\/p>\n\n\n\n<p><strong>10,2km Frauen<\/strong><\/p>\n\n\n\n<p>Karin\nRechziegler&nbsp;&nbsp;&nbsp;&nbsp;&nbsp;&nbsp;&nbsp;&nbsp;&nbsp;&nbsp;&nbsp;&nbsp;&nbsp;&nbsp;&nbsp;&nbsp;&nbsp;&nbsp;&nbsp;&nbsp;&nbsp;&nbsp;&nbsp;&nbsp;&nbsp;&nbsp;&nbsp;&nbsp;&nbsp; 53:16\nmin.&nbsp;&nbsp;&nbsp;&nbsp;&nbsp;&nbsp;&nbsp;&nbsp;&nbsp;&nbsp;&nbsp;&nbsp;&nbsp;&nbsp;&nbsp;&nbsp;&nbsp; Ges.Pl. 95<\/p>\n\n\n\n<p>Julia Wyduba\u00a0\u00a0\u00a0\u00a0\u00a0\u00a0\u00a0\u00a0\u00a0\u00a0\u00a0\u00a0\u00a0\u00a0\u00a0\u00a0\u00a0\u00a0\u00a0\u00a0\u00a0\u00a0\u00a0\u00a0\u00a0\u00a0\u00a0\u00a0\u00a0\u00a0\u00a0\u00a0\u00a0\u00a0\u00a0\u00a0 54:48 min.\u00a0\u00a0\u00a0\u00a0\u00a0\u00a0\u00a0\u00a0\u00a0\u00a0\u00a0\u00a0\u00a0\u00a0\u00a0\u00a0\u00a0 Ges.Pl. 109<\/p>\n\n\n\n<p><\/p>\n\n\n\n<p><\/p>\n\n\n\n<p><\/p>\n\n\n\n<p><strong>8. Ibbenb\u00fcrener Klippenlauf<\/strong><\/p>\n\n\n\n<p>Ibbenb\u00fcrener Klippenlauf \u2013 der Lauf mit der besonderen H\u00e4rte<br> <br> &#8222;Nichts f\u00fcr Warmduscher&#8220; steht in gro\u00dfen Buchstaben auf dem Finisher-Shirt des Ibbenb\u00fcrener Klippenlaufs. F\u00fcr viele ist der Lauf durch den Teutoburger Wald die h\u00e4rteste Pr\u00fcfung im Nordwesten, einer der sch\u00f6nsten und am besten organisiertesten ist er mit Sicherheit. Das gro\u00dfe Interesse am Klippenlauf, der in seiner K\u00f6nigsdistanz \u00fcber neun Klippen und 24,7 Kilometer f\u00fchrt, zeigt allein schon, dass er auch in diesem Jahr binnen 72 Minuten nach Anmeldestart komplett ausgebucht war. <\/p>\n\n\n\n<p>1200 Teilnehmer schn\u00fcrten am 30. M\u00e4rz 2019 die Laufschuhe, um 500 H\u00f6henmeter zu bezwingen. Darunter auch sechs Sportler des Lauftreffs SW Osterfeine, Andr\u00e9 Brune-Suzka (2:16 h), Franz Steinkamp (2:18 h), Antonius Schr\u00f6er (2:28 h), Richard Decker ( 2:41 h) und Olaf Dickmajer (2:50 h) absolvierten gl\u00e4nzend die K\u00f6nigsdistanz, w\u00e4hrend Andreas Deters die f\u00fcnf Klippen und 12,4 KM Strecke in 1:12 h bezwang. Alle Finisher zeigten sich begeistert vom Naturlauf mit dem einzigartigen H\u00f6henprofil. <\/p>\n\n\n\n<p>Jede Klippe war dabei einzeln im Streckenverlauf beschrieben und so wusste man, dass bei der vorletzten Steigung der Hassberg-Klippe die K\u00f6nigsklippe erreicht war. Am S\u00fcdhang des Teutoburger Waldes nach 18,2 KM Qu\u00e4lerei stand diese Klippe wie eine Wand vor den L\u00e4ufern. Der Weg war schmal und ausgewaschen und es wurde bei 20 Prozent Steigung nochmal richtig hart, bis es nach 400 Metern wieder steil bergab ging. Wohlgemerkt, nur eine von neun Klippen bis zum Ziel in Ibbenb\u00fcren, wo die L\u00e4ufer begeistert vom Trommelwirbel und von Cheerleadern empfangen wurden. <\/p>\n\n\n\n<p>F\u00fcr uns geht es am 20.04. in Eggerm\u00fchlen weiter. Der 3.Wertungslauf des Sparkassencup steht an. Am Samstag den 13.04. bieten wir ein Laufworkshop f\u00fcr alle Interessierten und Wiedereinsteiger an, um Voranmeldung(05491-9541560) wird gebeten .<\/p>\n\n\n\n<ul class=\"wp-block-gallery columns-4 is-cropped wp-block-gallery-1 is-layout-flex wp-block-gallery-is-layout-flex\"><li class=\"blocks-gallery-item\"><figure><a href=\"https:\/\/sw-osterfeine.de\/wp-content\/uploads\/2019\/04\/badbergen2019-53.jpg\" data-rel=\"lightbox-image-0\" data-rl_title=\"\" data-rl_caption=\"\" title=\"\"><img loading=\"lazy\" decoding=\"async\" width=\"1000\" height=\"667\" src=\"https:\/\/sw-osterfeine.de\/wp-content\/uploads\/2019\/04\/badbergen2019-53.jpg\" alt=\"\" data-id=\"24617\" data-link=\"https:\/\/sw-osterfeine.de\/?attachment_id=24617\" class=\"wp-image-24617\" srcset=\"https:\/\/sw-osterfeine.de\/wp-content\/uploads\/2019\/04\/badbergen2019-53.jpg 1000w, https:\/\/sw-osterfeine.de\/wp-content\/uploads\/2019\/04\/badbergen2019-53-300x200.jpg 300w, https:\/\/sw-osterfeine.de\/wp-content\/uploads\/2019\/04\/badbergen2019-53-768x512.jpg 768w\" sizes=\"(max-width: 1000px) 100vw, 1000px\" \/><\/a><\/figure><\/li><li class=\"blocks-gallery-item\"><figure><a href=\"https:\/\/sw-osterfeine.de\/wp-content\/uploads\/2019\/04\/badbergen2019-61.jpg\" data-rel=\"lightbox-image-1\" data-rl_title=\"\" data-rl_caption=\"\" title=\"\"><img loading=\"lazy\" decoding=\"async\" width=\"1000\" height=\"667\" src=\"https:\/\/sw-osterfeine.de\/wp-content\/uploads\/2019\/04\/badbergen2019-61.jpg\" alt=\"\" data-id=\"24618\" data-link=\"https:\/\/sw-osterfeine.de\/?attachment_id=24618\" class=\"wp-image-24618\" srcset=\"https:\/\/sw-osterfeine.de\/wp-content\/uploads\/2019\/04\/badbergen2019-61.jpg 1000w, https:\/\/sw-osterfeine.de\/wp-content\/uploads\/2019\/04\/badbergen2019-61-300x200.jpg 300w, https:\/\/sw-osterfeine.de\/wp-content\/uploads\/2019\/04\/badbergen2019-61-768x512.jpg 768w\" sizes=\"(max-width: 1000px) 100vw, 1000px\" \/><\/a><\/figure><\/li><li class=\"blocks-gallery-item\"><figure><a href=\"https:\/\/sw-osterfeine.de\/wp-content\/uploads\/2019\/04\/badbergen2019-63.jpg\" data-rel=\"lightbox-image-2\" data-rl_title=\"\" data-rl_caption=\"\" title=\"\"><img loading=\"lazy\" decoding=\"async\" width=\"1000\" height=\"667\" src=\"https:\/\/sw-osterfeine.de\/wp-content\/uploads\/2019\/04\/badbergen2019-63.jpg\" alt=\"\" data-id=\"24620\" data-link=\"https:\/\/sw-osterfeine.de\/?attachment_id=24620\" class=\"wp-image-24620\" srcset=\"https:\/\/sw-osterfeine.de\/wp-content\/uploads\/2019\/04\/badbergen2019-63.jpg 1000w, https:\/\/sw-osterfeine.de\/wp-content\/uploads\/2019\/04\/badbergen2019-63-300x200.jpg 300w, https:\/\/sw-osterfeine.de\/wp-content\/uploads\/2019\/04\/badbergen2019-63-768x512.jpg 768w\" sizes=\"(max-width: 1000px) 100vw, 1000px\" \/><\/a><\/figure><\/li><li class=\"blocks-gallery-item\"><figure><a href=\"https:\/\/sw-osterfeine.de\/wp-content\/uploads\/2019\/04\/thumbnail-1024x832.jpg\" data-rel=\"lightbox-image-3\" data-rl_title=\"\" data-rl_caption=\"\" title=\"\"><img loading=\"lazy\" decoding=\"async\" width=\"1024\" height=\"832\" src=\"https:\/\/sw-osterfeine.de\/wp-content\/uploads\/2019\/04\/thumbnail-1024x832.jpg\" alt=\"\" data-id=\"24619\" data-link=\"https:\/\/sw-osterfeine.de\/?attachment_id=24619\" class=\"wp-image-24619\" srcset=\"https:\/\/sw-osterfeine.de\/wp-content\/uploads\/2019\/04\/thumbnail-1024x832.jpg 1024w, https:\/\/sw-osterfeine.de\/wp-content\/uploads\/2019\/04\/thumbnail-300x244.jpg 300w, https:\/\/sw-osterfeine.de\/wp-content\/uploads\/2019\/04\/thumbnail-768x624.jpg 768w, https:\/\/sw-osterfeine.de\/wp-content\/uploads\/2019\/04\/thumbnail.jpg 1080w\" sizes=\"(max-width: 1024px) 100vw, 1024px\" \/><\/a><\/figure><\/li><\/ul>\n","protected":false},"excerpt":{"rendered":"<p>Die bekommen wohl nicht genug\u2026..gleich an zwei Volksl\u00e4ufen waren unsere Dauerl\u00e4ufer aus Osterfeine vertreten. Zum einen ging es f\u00fcr 4 Vertreter nach Badbergen zum 2. Wertungslauf des Sparkassencup. Zum anderen reisten 6 von uns nach Ibbenb\u00fcren zum Klippenlauf. 13. Badberger Fr\u00fchlingslauf Bilderbuchwetter begleitete die insgesamt 270 L\u00e4uferinnen und L\u00e4ufer, die sich beim 13. Badberger Fr\u00fchlingslauf [&hellip;]<\/p>\n","protected":false},"author":3,"featured_media":0,"comment_status":"closed","ping_status":"closed","sticky":false,"template":"","format":"standard","meta":{"footnotes":""},"categories":[38],"tags":[],"_links":{"self":[{"href":"https:\/\/sw-osterfeine.de\/index.php?rest_route=\/wp\/v2\/posts\/24615"}],"collection":[{"href":"https:\/\/sw-osterfeine.de\/index.php?rest_route=\/wp\/v2\/posts"}],"about":[{"href":"https:\/\/sw-osterfeine.de\/index.php?rest_route=\/wp\/v2\/types\/post"}],"author":[{"embeddable":true,"href":"https:\/\/sw-osterfeine.de\/index.php?rest_route=\/wp\/v2\/users\/3"}],"replies":[{"embeddable":true,"href":"https:\/\/sw-osterfeine.de\/index.php?rest_route=%2Fwp%2Fv2%2Fcomments&post=24615"}],"version-history":[{"count":2,"href":"https:\/\/sw-osterfeine.de\/index.php?rest_route=\/wp\/v2\/posts\/24615\/revisions"}],"predecessor-version":[{"id":24622,"href":"https:\/\/sw-osterfeine.de\/index.php?rest_route=\/wp\/v2\/posts\/24615\/revisions\/24622"}],"wp:attachment":[{"href":"https:\/\/sw-osterfeine.de\/index.php?rest_route=%2Fwp%2Fv2%2Fmedia&parent=24615"}],"wp:term":[{"taxonomy":"category","embeddable":true,"href":"https:\/\/sw-osterfeine.de\/index.php?rest_route=%2Fwp%2Fv2%2Fcategories&post=24615"},{"taxonomy":"post_tag","embeddable":true,"href":"https:\/\/sw-osterfeine.de\/index.php?rest_route=%2Fwp%2Fv2%2Ftags&post=24615"}],"curies":[{"name":"wp","href":"https:\/\/api.w.org\/{rel}","templated":true}]}}