{"id":24748,"date":"2019-04-12T17:09:33","date_gmt":"2019-04-12T15:09:33","guid":{"rendered":"https:\/\/sw-osterfeine.de\/?p=24748"},"modified":"2019-04-12T17:09:33","modified_gmt":"2019-04-12T15:09:33","slug":"feuerwehruebung","status":"publish","type":"post","link":"https:\/\/sw-osterfeine.de\/?p=24748","title":{"rendered":"Feuerwehr\u00fcbung"},"content":{"rendered":"\n<p>Am Dienstag, 16.04.2019 findet auf dem Sportgel\u00e4nde in Osterfeine eine gro\u00dfe Feuerwehr\u00fcbung statt. Die Parkpl\u00e4tze zwischen den Fu\u00dfballumkleidekabinen und dem Sch\u00fctzentreff sind ab 17:00 Uhr nur eingeschr\u00e4nkt nutzbar.<\/p>\n\n\n\n<p>Vielen Dank f\u00fcr das Verst\u00e4ndnis.<\/p>\n\n\n\n<p><\/p>\n","protected":false},"excerpt":{"rendered":"<p>Am Dienstag, 16.04.2019 findet auf dem Sportgel\u00e4nde in Osterfeine eine gro\u00dfe Feuerwehr\u00fcbung statt. Die Parkpl\u00e4tze zwischen den Fu\u00dfballumkleidekabinen und dem Sch\u00fctzentreff sind ab 17:00 Uhr nur eingeschr\u00e4nkt nutzbar. Vielen Dank f\u00fcr das Verst\u00e4ndnis.<\/p>\n","protected":false},"author":3,"featured_media":0,"comment_status":"closed","ping_status":"closed","sticky":false,"template":"","format":"standard","meta":{"footnotes":""},"categories":[37],"tags":[],"_links":{"self":[{"href":"https:\/\/sw-osterfeine.de\/index.php?rest_route=\/wp\/v2\/posts\/24748"}],"collection":[{"href":"https:\/\/sw-osterfeine.de\/index.php?rest_route=\/wp\/v2\/posts"}],"about":[{"href":"https:\/\/sw-osterfeine.de\/index.php?rest_route=\/wp\/v2\/types\/post"}],"author":[{"embeddable":true,"href":"https:\/\/sw-osterfeine.de\/index.php?rest_route=\/wp\/v2\/users\/3"}],"replies":[{"embeddable":true,"href":"https:\/\/sw-osterfeine.de\/index.php?rest_route=%2Fwp%2Fv2%2Fcomments&post=24748"}],"version-history":[{"count":1,"href":"https:\/\/sw-osterfeine.de\/index.php?rest_route=\/wp\/v2\/posts\/24748\/revisions"}],"predecessor-version":[{"id":24749,"href":"https:\/\/sw-osterfeine.de\/index.php?rest_route=\/wp\/v2\/posts\/24748\/revisions\/24749"}],"wp:attachment":[{"href":"https:\/\/sw-osterfeine.de\/index.php?rest_route=%2Fwp%2Fv2%2Fmedia&parent=24748"}],"wp:term":[{"taxonomy":"category","embeddable":true,"href":"https:\/\/sw-osterfeine.de\/index.php?rest_route=%2Fwp%2Fv2%2Fcategories&post=24748"},{"taxonomy":"post_tag","embeddable":true,"href":"https:\/\/sw-osterfeine.de\/index.php?rest_route=%2Fwp%2Fv2%2Ftags&post=24748"}],"curies":[{"name":"wp","href":"https:\/\/api.w.org\/{rel}","templated":true}]}}