{"id":24770,"date":"2019-04-16T13:09:17","date_gmt":"2019-04-16T11:09:17","guid":{"rendered":"https:\/\/sw-osterfeine.de\/?p=24770"},"modified":"2019-04-16T13:09:17","modified_gmt":"2019-04-16T11:09:17","slug":"oberligaqualifikation-c-jugend","status":"publish","type":"post","link":"https:\/\/sw-osterfeine.de\/?p=24770","title":{"rendered":"Oberligaqualifikation C-Jugend"},"content":{"rendered":"\n<p>Unsere C-Jugend Handballer haben die Chance sich in den n\u00e4chsten Wochen f\u00fcr die Oberliga zu qualifizieren! Seid dabei und unterst\u00fctzt die Mannschaft auf ihrem Weg in die Oberliga!<\/p>\n\n\n\n<figure class=\"wp-block-image\"><img loading=\"lazy\" decoding=\"async\" width=\"927\" height=\"268\" src=\"https:\/\/sw-osterfeine.de\/wp-content\/uploads\/2019\/04\/Unbenannt.png\" alt=\"\" class=\"wp-image-24771\" srcset=\"https:\/\/sw-osterfeine.de\/wp-content\/uploads\/2019\/04\/Unbenannt.png 927w, https:\/\/sw-osterfeine.de\/wp-content\/uploads\/2019\/04\/Unbenannt-300x87.png 300w, https:\/\/sw-osterfeine.de\/wp-content\/uploads\/2019\/04\/Unbenannt-768x222.png 768w\" sizes=\"(max-width: 927px) 100vw, 927px\" \/><\/figure>\n","protected":false},"excerpt":{"rendered":"<p>Unsere C-Jugend Handballer haben die Chance sich in den n\u00e4chsten Wochen f\u00fcr die Oberliga zu qualifizieren! Seid dabei und unterst\u00fctzt die Mannschaft auf ihrem Weg in die Oberliga!<\/p>\n","protected":false},"author":3,"featured_media":0,"comment_status":"closed","ping_status":"closed","sticky":false,"template":"","format":"standard","meta":{"footnotes":""},"categories":[1],"tags":[],"_links":{"self":[{"href":"https:\/\/sw-osterfeine.de\/index.php?rest_route=\/wp\/v2\/posts\/24770"}],"collection":[{"href":"https:\/\/sw-osterfeine.de\/index.php?rest_route=\/wp\/v2\/posts"}],"about":[{"href":"https:\/\/sw-osterfeine.de\/index.php?rest_route=\/wp\/v2\/types\/post"}],"author":[{"embeddable":true,"href":"https:\/\/sw-osterfeine.de\/index.php?rest_route=\/wp\/v2\/users\/3"}],"replies":[{"embeddable":true,"href":"https:\/\/sw-osterfeine.de\/index.php?rest_route=%2Fwp%2Fv2%2Fcomments&post=24770"}],"version-history":[{"count":1,"href":"https:\/\/sw-osterfeine.de\/index.php?rest_route=\/wp\/v2\/posts\/24770\/revisions"}],"predecessor-version":[{"id":24772,"href":"https:\/\/sw-osterfeine.de\/index.php?rest_route=\/wp\/v2\/posts\/24770\/revisions\/24772"}],"wp:attachment":[{"href":"https:\/\/sw-osterfeine.de\/index.php?rest_route=%2Fwp%2Fv2%2Fmedia&parent=24770"}],"wp:term":[{"taxonomy":"category","embeddable":true,"href":"https:\/\/sw-osterfeine.de\/index.php?rest_route=%2Fwp%2Fv2%2Fcategories&post=24770"},{"taxonomy":"post_tag","embeddable":true,"href":"https:\/\/sw-osterfeine.de\/index.php?rest_route=%2Fwp%2Fv2%2Ftags&post=24770"}],"curies":[{"name":"wp","href":"https:\/\/api.w.org\/{rel}","templated":true}]}}