{"id":24848,"date":"2019-05-13T11:22:49","date_gmt":"2019-05-13T09:22:49","guid":{"rendered":"https:\/\/sw-osterfeine.de\/?p=24848"},"modified":"2019-05-13T11:23:34","modified_gmt":"2019-05-13T09:23:34","slug":"c-jugend-i-osterfeine-haseluenne-herzlake-am-sonntag-den-12-05-2019-2622","status":"publish","type":"post","link":"https:\/\/sw-osterfeine.de\/?p=24848","title":{"rendered":"1.C-Jugend Osterfeine \u2013 Hasel\u00fcnne\/Herzlake am Sonntag, den 12.05.2019 (26:22)"},"content":{"rendered":"\n<p><strong><u>Was f\u00fcr ein Spiel \u2013 Was f\u00fcr ein Muttertag<\/u><\/strong><\/p>\n<p><strong><u>Dem Ziel Landesliga 2019\/2020 ein St\u00fcck n\u00e4her !!!!<\/u><\/strong><\/p>\n<p>Am Sonntagnachmittag, reiste die Mannschaft von Hasel\u00fcnne\/Herzlake an, um das 3. Spiel der Relegation f\u00fcr die Landesliga hier in Osterfeine gegen unsere C-Jugend zu bestreiten. Hasel\u00fcnne hatte bis dahin die beiden vorherigen Spiele mit sehr eindeutigen Ergebnissen und einer super Tordifferenz gewonnen.<\/p>\n<p>Und auch unsere Mannschaft hatte sehr viel Respekt vor dem Gegner.<\/p>\n<p>In der Kabine sagte ich den M\u00e4dels, ich hoffe, ihr habt euren M\u00fcttern noch kein Muttertagsgeschenk gemacht, denn das bekommen sie gleich mit dem Spiel. Es wird ein schweres Spiel, das war den M\u00e4dels auch klar, aber wir wollten auf jeden Fall uns nicht schon vor dem Spiel geschlagen geben.<\/p>\n<p>Die Anfangsminuten zeugten davon, wie nerv\u00f6s und aufgeregt die M\u00e4dels waren. Fehlp\u00e4sse, Fehlw\u00fcrfe und Fangfehler gab es zu Hauf. Doch im Laufe der 1. Halbzeit fand man zur\u00fcck in die Spur und spielte sehr ausgeglichen, immer mit einem Tor vor oder im R\u00fcckstand. Zur Halbzeit stand es 12:12.<\/p>\n<p>Hasel\u00fcnne spielte eine sehr harte Gangart in der Abwehr und im Angriff waren sie aufgrund ihrer Schnelligkeit nicht immer einwandfrei zu stoppen, so dass wir insgesamt 3 Zeitstrafen kassierten. Durch eine \u00fcberragende Torfrau, unsere Anna Osterhues, im R\u00fccken, die sechs von sieben Siebenmeter durch glanzvolle Paraden hielt und auch sonst viele W\u00fcrfe super gut abwehrte, konnte der Gegner nur 2 x in der 2. Halbzeit in F\u00fchrung gehen. Ab der 37. Minuten 18:18, zogen wir in den n\u00e4chsten 2 Minuten mit einer 3-Tore-Serie zum 21:18 davon.<\/p>\n<p>Danach kam Hasell\u00fcnne nicht mehr als 3 Tore heran. Der Trainer der gegnerischen Mannschaft, der seine M\u00e4dels durch eine 2 Minuten-Strafe gegen die Bank zus\u00e4tzlich schw\u00e4chte und von der 1. Minute permanent die Entscheidungen der aus Norden und Leer angereisten Schiedsrichter kritisierte, h\u00e4tte sich mehr mit seiner Mannschaft auseinandersetzen sollen, dann w\u00e4re das das Spiel vielleicht ganz anders ausgegangen.<\/p>\n<p>Die gesamte Mannschaft hat ein wahnsinns Spiel abliefert und wir haben aufgrund unserer guten Abwehrarbeit das Spiel f\u00fcr uns entscheiden k\u00f6nnen. Die 3 j\u00fcngeren M\u00e4dels Pauline Macke, Antonia Macke und Linn K\u00fcmper (letzte Saison alle noch D-Jugend) haben sich super gut in die Mannschaft integriert.<\/p>\n<p>\u00a0<\/p>\n<p>Es freute mich auch sehr, dass fast alle Spielerinnen sich in die Torliste eintragen durften:<\/p>\n<p><u>Tore:<\/u> Greta Kalus 7, Inga Bley 5, Pieper Neele 5, K\u00fcmper Sophie 4, Koldehoff Ida 2, K\u00fcmper Linn 2, Macke Antonia 1<\/p>\n<p>Weitere Spieler mit einer Top-Leistung: Marie Kampers und Nina Drellmann<\/p>\n<p>Sportliche Gr\u00fc\u00dfe: Kerstin Lampe<\/p>\n","protected":false},"excerpt":{"rendered":"<p>Was f\u00fcr ein Spiel \u2013 Was f\u00fcr ein Muttertag Dem Ziel Landesliga 2019\/2020 ein St\u00fcck n\u00e4her !!!! Am Sonntagnachmittag, reiste die Mannschaft von Hasel\u00fcnne\/Herzlake an, um das 3. Spiel der Relegation f\u00fcr die Landesliga hier in Osterfeine gegen unsere C-Jugend zu bestreiten. Hasel\u00fcnne hatte bis dahin die beiden vorherigen Spiele mit sehr eindeutigen Ergebnissen und [&hellip;]<\/p>\n","protected":false},"author":3,"featured_media":0,"comment_status":"closed","ping_status":"closed","sticky":false,"template":"","format":"standard","meta":{"footnotes":""},"categories":[1],"tags":[],"_links":{"self":[{"href":"https:\/\/sw-osterfeine.de\/index.php?rest_route=\/wp\/v2\/posts\/24848"}],"collection":[{"href":"https:\/\/sw-osterfeine.de\/index.php?rest_route=\/wp\/v2\/posts"}],"about":[{"href":"https:\/\/sw-osterfeine.de\/index.php?rest_route=\/wp\/v2\/types\/post"}],"author":[{"embeddable":true,"href":"https:\/\/sw-osterfeine.de\/index.php?rest_route=\/wp\/v2\/users\/3"}],"replies":[{"embeddable":true,"href":"https:\/\/sw-osterfeine.de\/index.php?rest_route=%2Fwp%2Fv2%2Fcomments&post=24848"}],"version-history":[{"count":3,"href":"https:\/\/sw-osterfeine.de\/index.php?rest_route=\/wp\/v2\/posts\/24848\/revisions"}],"predecessor-version":[{"id":24851,"href":"https:\/\/sw-osterfeine.de\/index.php?rest_route=\/wp\/v2\/posts\/24848\/revisions\/24851"}],"wp:attachment":[{"href":"https:\/\/sw-osterfeine.de\/index.php?rest_route=%2Fwp%2Fv2%2Fmedia&parent=24848"}],"wp:term":[{"taxonomy":"category","embeddable":true,"href":"https:\/\/sw-osterfeine.de\/index.php?rest_route=%2Fwp%2Fv2%2Fcategories&post=24848"},{"taxonomy":"post_tag","embeddable":true,"href":"https:\/\/sw-osterfeine.de\/index.php?rest_route=%2Fwp%2Fv2%2Ftags&post=24848"}],"curies":[{"name":"wp","href":"https:\/\/api.w.org\/{rel}","templated":true}]}}