{"id":24852,"date":"2019-05-14T08:18:19","date_gmt":"2019-05-14T06:18:19","guid":{"rendered":"https:\/\/sw-osterfeine.de\/?p=24852"},"modified":"2019-05-14T08:18:19","modified_gmt":"2019-05-14T06:18:19","slug":"abstiegsrelegation-bringt-nicht-den-erhofften-erfolg-1-damen-muss-zurueck-in-die-landesklasse","status":"publish","type":"post","link":"https:\/\/sw-osterfeine.de\/?p=24852","title":{"rendered":"Abstiegsrelegation bringt nicht den erhofften Erfolg \u2013 1. Damen muss zur\u00fcck in die Landesklasse"},"content":{"rendered":"\n<p>Der letzte Strohhalm in Sachen Klassenerhalt sollte ergriffen werden \u2013 so der Plan. Leider aber steht nach dem Relegationsturnier in Hannoversch M\u00fcnden fest, dass der Abstieg nun besiegelt ist.<\/p>\n<p>Dabei fing alles so gut an. Die Tatsache, dass das Turnier uns zu einer fast vierst\u00fcndigen Anreise gezwungen hatte (Abfahrt 05.30 Uhr in Osterfeine!!!), merkte man der Mannschaft im ersten Spiel gegen die HSG Ph\u00f6nix (Bassum, Twistringen, Syke) nicht an. Und so machte der Auftaktsieg denn auch Mut f\u00fcr die nachfolgenden Spiele. Leider aber konnten wir in allen drei Spielen nicht an die Leistungen des ersten Spiels ankn\u00fcpfen. Folglich gab es zun\u00e4chst zwei weitere Niederlagen gegen Ashausen-Gehrden (LL L\u00fcneburg) und der verst\u00e4rkten Oberligareserve des Hannoverschen SC.<\/p>\n<p>Gleichwohl bot sich uns durch die teilweise kuriosen Ergebnisse des Turniers beim letzten Spiel noch die Chance auf Rang zwei, der den Klassenerhalt bedeutet h\u00e4tte. F\u00fcnf gute Anfangsminuten reichten aber nicht aus, die Heimmannschaft aus Volkmarshausen in Schach zu halten. Im Gegenteil, wieder mal gingen die K\u00f6pfe der Spielerinnen viel zu schnell runter, sodass am Ende eine deutliche Niederlage eingefahren wurde. Unterm Strich fielen wir so auf den f\u00fcnften und letzten Platz zur\u00fcck. Schade, aber wir m\u00fcssen auch anerkennen, dass derartige Leistungen nicht f\u00fcr die Landesliga reichen.<\/p>\n<p>Bleibt uns nur noch ein Res\u00fcmee und die Frage: Was w\u00e4re passiert, wenn wir nach dem super Saisonstart mit 8:2 Punkten nicht so \u00fcberheftig vom Verletzungspech gebeutelt worden w\u00e4ren? Die Frage l\u00e4sst sich nat\u00fcrlich nicht beantworten. Fest steht aber, dass uns die teilweise langwierigen Verletzungen heftig aus dem Konzept gebracht haben. Fest steht auch, dass einige Spielerinnen die sich aus dieser schwierigen Situation ergebenden Chancen f\u00fcr sich selber nicht nutzen konnten. Spielen will nat\u00fcrlich jeder, aber etwas mehr als n\u00f6tig daf\u00fcr zu tun\u2026das hat uns einige Male gefehlt. Und da unsere fehlenden Spielerinnen nach \u00fcberstandener Verletzung naturgem\u00e4\u00df nicht wieder von null auf hundert durchstarten konnten, wurde der verbleibende Saisonverlauf eine z\u00e4he Angelegenheit \u2013 mit dem Ende vom Lied am letzten Sonntag.<\/p>\n<p>F\u00fcr uns als gesamtes Trainerteam bleibt uns nun nur noch \u201eTsch\u00fcss\u201c zu sagen. Wir haben zwei interessante und lehrreiche Jahre in Osterfeine erleben d\u00fcrfen und auf diesem Weg viele nette Menschen kennengelernt. Und nat\u00fcrlich w\u00fcnschen wir der Mannschaft und dem ganzen Verein alles Gute f\u00fcr die Zukunft. Sicher werden sich unsere sportlichen Wege demn\u00e4chst irgendwann mal wieder kreuzen, aber wir werden auch so gerne immer mal wieder als Zuschauer in Osterfeine reinschauen.<\/p>\n<p>Also\u2026dann bis demn\u00e4chst!!!<\/p>\n","protected":false},"excerpt":{"rendered":"<p>Der letzte Strohhalm in Sachen Klassenerhalt sollte ergriffen werden \u2013 so der Plan. Leider aber steht nach dem Relegationsturnier in Hannoversch M\u00fcnden fest, dass der Abstieg nun besiegelt ist. Dabei fing alles so gut an. Die Tatsache, dass das Turnier uns zu einer fast vierst\u00fcndigen Anreise gezwungen hatte (Abfahrt 05.30 Uhr in Osterfeine!!!), merkte man [&hellip;]<\/p>\n","protected":false},"author":3,"featured_media":0,"comment_status":"closed","ping_status":"closed","sticky":false,"template":"","format":"standard","meta":{"footnotes":""},"categories":[1],"tags":[],"_links":{"self":[{"href":"https:\/\/sw-osterfeine.de\/index.php?rest_route=\/wp\/v2\/posts\/24852"}],"collection":[{"href":"https:\/\/sw-osterfeine.de\/index.php?rest_route=\/wp\/v2\/posts"}],"about":[{"href":"https:\/\/sw-osterfeine.de\/index.php?rest_route=\/wp\/v2\/types\/post"}],"author":[{"embeddable":true,"href":"https:\/\/sw-osterfeine.de\/index.php?rest_route=\/wp\/v2\/users\/3"}],"replies":[{"embeddable":true,"href":"https:\/\/sw-osterfeine.de\/index.php?rest_route=%2Fwp%2Fv2%2Fcomments&post=24852"}],"version-history":[{"count":1,"href":"https:\/\/sw-osterfeine.de\/index.php?rest_route=\/wp\/v2\/posts\/24852\/revisions"}],"predecessor-version":[{"id":24853,"href":"https:\/\/sw-osterfeine.de\/index.php?rest_route=\/wp\/v2\/posts\/24852\/revisions\/24853"}],"wp:attachment":[{"href":"https:\/\/sw-osterfeine.de\/index.php?rest_route=%2Fwp%2Fv2%2Fmedia&parent=24852"}],"wp:term":[{"taxonomy":"category","embeddable":true,"href":"https:\/\/sw-osterfeine.de\/index.php?rest_route=%2Fwp%2Fv2%2Fcategories&post=24852"},{"taxonomy":"post_tag","embeddable":true,"href":"https:\/\/sw-osterfeine.de\/index.php?rest_route=%2Fwp%2Fv2%2Ftags&post=24852"}],"curies":[{"name":"wp","href":"https:\/\/api.w.org\/{rel}","templated":true}]}}