{"id":25591,"date":"2019-08-16T08:44:05","date_gmt":"2019-08-16T06:44:05","guid":{"rendered":"https:\/\/sw-osterfeine.de\/?p=25591"},"modified":"2019-08-16T08:44:05","modified_gmt":"2019-08-16T06:44:05","slug":"bericht-der-iv-herren-mannschaft","status":"publish","type":"post","link":"https:\/\/sw-osterfeine.de\/?p=25591","title":{"rendered":"Bericht der IV.Herren Mannschaft"},"content":{"rendered":"\n<p>Die IV. Herrenmannschaft hatte am Sonntag ihr erstes Heimspiel der Saison gegen den VFL Oythe IV.<\/p>\n<p>Die Mannschaft wurde schon beim Warmmachen vor dem Spiel durch mehrere kleinerer Blessuren und einer Verletzung eingeschr\u00e4nkt, sodass kurzfristig die Aufstellung ge\u00e4ndert wurde und damit eine defensivere Strategie eingeplant war. Aus dieser sicheren Defensive heraus waren wir zwar in der Lage, uns Chancen herauszuspielen, konnten diese jedoch nicht nutzen. W\u00e4hrenddessen war der Gegner an unserer starken Defensivleistung am Verzweifeln und kam in der ersten Halbzeit zu keiner richtigen Torchance. Leider verletzte sich Felix von Lehmden gegen Ende der ersten Halbzeit so schwer, dass er nicht weiterspielen konnte. So ging es mit einem 0:0 in die Halbzeitpause, in der wir noch einmal unsere Taktik verfeinerten und nun mehr Offensive ins Spiel bringen wollten.<\/p>\n<p>In der Zweiten Halbzeit kamen wir dadurch mehrfach gef\u00e4hrlich vor das gegnerische Tor, doch dort fehlte uns dann das Qu\u00e4ntchen Gl\u00fcck, was sich durch einen Pfostenschuss bemerkbar machte. Durch unsere offensivere Ausrichtung hatte der Gegner dementsprechend mehr Platz und kam seinerseits zu besseren Chancen, die jedoch alle vereitelt werden konnten. Bis wir schlie\u00dflich durch eine weitere Verletzung, diesmal von Thomas R\u00f6mer, f\u00fcr eine kurze \u00a0Zeit in Unterzahl spielten. In diesen Minuten konnte der Gegner den Druck so weit erh\u00f6hen, dass es Oythe in der 73ten Minute schlie\u00dflich gelang, eine ihrer Torchancen zu nutzen und wir nun 0:1 zur\u00fccklagen. Wieder vollz\u00e4hlig und in dem Wissen, dass ein Punkt oder mehr drin war, agierten wir noch offensiver und versuchten alles, um den Ausgleich zu erzwingen. Dieser Einsatz ist nicht belohnt worden und durch die Konter von Oythe in der Schlussminute und in der Nachspielzeit kam es zum 0:3 Entstand.<\/p>\n<p>Weiterhin trainieren wir jeden Donnerstag und nach Bedarf auch Dienstag um 19:00 Uhr in Osterfeine. Jeder der Lust auf Fu\u00dfball hat ist dazu herzlich eingeladen!<\/p>\n<p>Mit sportlichem Gru\u00df<\/p>\n<p>Die IV. Herren<\/p>\n","protected":false},"excerpt":{"rendered":"<p>Die IV. Herrenmannschaft hatte am Sonntag ihr erstes Heimspiel der Saison gegen den VFL Oythe IV. Die Mannschaft wurde schon beim Warmmachen vor dem Spiel durch mehrere kleinerer Blessuren und einer Verletzung eingeschr\u00e4nkt, sodass kurzfristig die Aufstellung ge\u00e4ndert wurde und damit eine defensivere Strategie eingeplant war. Aus dieser sicheren Defensive heraus waren wir zwar in [&hellip;]<\/p>\n","protected":false},"author":3,"featured_media":0,"comment_status":"closed","ping_status":"closed","sticky":false,"template":"","format":"standard","meta":{"footnotes":""},"categories":[3],"tags":[],"_links":{"self":[{"href":"https:\/\/sw-osterfeine.de\/index.php?rest_route=\/wp\/v2\/posts\/25591"}],"collection":[{"href":"https:\/\/sw-osterfeine.de\/index.php?rest_route=\/wp\/v2\/posts"}],"about":[{"href":"https:\/\/sw-osterfeine.de\/index.php?rest_route=\/wp\/v2\/types\/post"}],"author":[{"embeddable":true,"href":"https:\/\/sw-osterfeine.de\/index.php?rest_route=\/wp\/v2\/users\/3"}],"replies":[{"embeddable":true,"href":"https:\/\/sw-osterfeine.de\/index.php?rest_route=%2Fwp%2Fv2%2Fcomments&post=25591"}],"version-history":[{"count":1,"href":"https:\/\/sw-osterfeine.de\/index.php?rest_route=\/wp\/v2\/posts\/25591\/revisions"}],"predecessor-version":[{"id":25592,"href":"https:\/\/sw-osterfeine.de\/index.php?rest_route=\/wp\/v2\/posts\/25591\/revisions\/25592"}],"wp:attachment":[{"href":"https:\/\/sw-osterfeine.de\/index.php?rest_route=%2Fwp%2Fv2%2Fmedia&parent=25591"}],"wp:term":[{"taxonomy":"category","embeddable":true,"href":"https:\/\/sw-osterfeine.de\/index.php?rest_route=%2Fwp%2Fv2%2Fcategories&post=25591"},{"taxonomy":"post_tag","embeddable":true,"href":"https:\/\/sw-osterfeine.de\/index.php?rest_route=%2Fwp%2Fv2%2Ftags&post=25591"}],"curies":[{"name":"wp","href":"https:\/\/api.w.org\/{rel}","templated":true}]}}