{"id":25630,"date":"2019-08-19T08:32:24","date_gmt":"2019-08-19T06:32:24","guid":{"rendered":"https:\/\/sw-osterfeine.de\/?p=25630"},"modified":"2019-08-19T08:32:24","modified_gmt":"2019-08-19T06:32:24","slug":"personelles-und-organisatorisches-vom-osv","status":"publish","type":"post","link":"https:\/\/sw-osterfeine.de\/?p=25630","title":{"rendered":"Personelles und Organisatorisches vom OSV"},"content":{"rendered":"\n<p>Liebe OSV-Mitglieder,<\/p>\n<p>wie auf der letztj\u00e4hrigen Generalversammlung besprochen, sollten im 1. Halbjahr 2019 zahlreiche Aufgaben und Zust\u00e4ndigkeiten in unserem Verein neu aufgeteilt werden. Ziel sollte es sein, den engeren Vorstand in der t\u00e4glichen Arbeit zu entlasten und die Aufgaben auf mehrere und j\u00fcngere Schultern zu verteilen. Durch die Bereitschaft zahlreicher j\u00fcngerer OSV-Sportler konnten wir hierbei viele Bereiche mit jungen Kr\u00e4ften erg\u00e4nzen, wie die folgende Auflistung zeigen wird:<\/p>\n<p><strong><em><u>Abteilungen<\/u><\/em><\/strong>:<\/p>\n<ul>\n<li>Fu\u00dfball: Marco Otte und Hans-J\u00fcrgen Lapke leiten nun die gesamte Fu\u00dfballabteilung, unterst\u00fctzt vom Jugendfu\u00dfballvorstand unter der Leitung von Franz-Bernd Hillmann.<\/li>\n<li>Handball: Abteilungsleiterin Kerstin L\u00fcbbehusen erh\u00e4lt Unterst\u00fctzung durch Jessica Schutt, Mandy Koplin und Laura-Sophie B\u00f6ckerstette. Spielwartin bleibt Petra B\u00f6ckerstette<\/li>\n<li>Fitnessabteilung\/Turnen: David Wadulla \u00fcbernimmt die Abteilungsleitung<\/li>\n<li>Lauftreff: Christine Wadulla und Erika Meyer und David Wadulla sind hier die Verantwortlichen<\/li>\n<li>Dartabteilung: Steffen Imsieke ist Abteilungsleiter<\/li>\n<li>Indiaka: Gertrud Freese und Anne Hofstadt<\/li>\n<li>Spielerp\u00e4sse: Handball: Petra B\u00f6ckerstette;<\/li>\n<li>Fu\u00dfball: Hans-G\u00fcnter H\u00f6nemann<\/li>\n<\/ul>\n<p><strong>Allgemeine Aufgaben:<\/strong><\/p>\n<p><u>-Stadionzeitung<\/u>: Verantwortlicher ist nun Christian Harpenau<\/p>\n<p><u>-Werbung<\/u>: Uli Lampe als Verantwortlicher vom Vorstand \u2013 Frank Zerhusen ist hier im Hintergrund der Verantwortliche<\/p>\n<p><u>&#8211; Finanzen\/Steuern<\/u>: Uli Lampe und Christian Olberding;<\/p>\n<p><u>-Mitgliederverwaltung<\/u>: Uli Lampe mit Christin Hillmann<\/p>\n<ul>\n<li><u>Sportst\u00e4ttenbau\/KSB<\/u>: Marco Otte und Bubble<\/li>\n<li><u>Liegenschaften\/Stadt<\/u>: Andreas Westendorf und Bubble<\/li>\n<li><u>Technik\/Homepage<\/u>: Patrick Ihorst<\/li>\n<li><u>Pl\u00e4ne Sporthalle und Jahrestermine<\/u>: Petra B\u00f6ckerstette und Bubble<\/li>\n<\/ul>\n<p><strong>Gesch\u00e4ftsstelle<\/strong>: Petra B\u00f6ckerstette plus FSJ-Kraft:\u00a0\u00a0\u00a0\u00a0\u00a0\u00a0\u00a0\u00a0\u00a0\u00a0\u00a0\u00a0\u00a0\u00a0\u00a0\u00a0\u00a0\u00a0\u00a0\u00a0\u00a0\u00a0\u00a0\u00a0\u00a0\u00a0\u00a0\u00a0\u00a0\u00a0\u00a0\u00a0\u00a0\u00a0\u00a0\u00a0\u00a0\u00a0\u00a0\u00a0\u00a0\u00a0\u00a0\u00a0\u00a0\u00a0\u00a0\u00a0\u00a0\u00a0\u00a0\u00a0\u00a0\u00a0\u00a0\u00a0\u00a0\u00a0\u00a0\u00a0\u00a0\u00a0\u00a0\u00a0\u00a0\u00a0\u00a0\u00a0\u00a0\u00a0\u00a0\u00a0\u00a0\u00a0<\/p>\n<ul>\n<li>Bescheinigungen<\/li>\n<li>Fundsachen<\/li>\n<li>Fanartikel<\/li>\n<li>Homepage<\/li>\n<li>Materialien<\/li>\n<li>Kopien\/Druck<\/li>\n<li>Formulare usw.<\/li>\n<\/ul>\n<p>Hiermit ist ein erster gro\u00dfer Schritt in punkto Aufgabenverteilung, Neustrukturierung und Verj\u00fcngung in unserem Verein gemacht.<\/p>\n<p>Es w\u00e4re sch\u00f6n, wenn sich alle Sportler zuk\u00fcnftig gleich an die jeweiligen Verantwortlichen in unserem Verein wenden w\u00fcrden. \u00d6ffnungszeiten sowie Telefonnummern usw. findet Ihr auf der OSV-Homepage.<\/p>\n<p>\u00a0<\/p>\n<p>In der zweiten Jahresh\u00e4lfte sollen dann bis zur n\u00e4chsten Generalversammlung die Aufgaben und Zust\u00e4ndigkeiten besonders in der Sportanlagenfrage, in der Sportanlagenunterhaltung, im Bereich der Gastronomie, Zukunftsfragen usw. in Angriff genommen werden\u2026\u2026.<\/p>\n<p>Besonderen Dank aber erstmal f\u00fcr die Mithilfe und Verantwortungs\u00fcbernahme der oben aufgef\u00fchrten Sportler!!<\/p>\n<p>Vielen, vielen Dank und viel Spa\u00df bei der Vereinsarbeit im OSV\u00a0<\/p>\n","protected":false},"excerpt":{"rendered":"<p>Liebe OSV-Mitglieder, wie auf der letztj\u00e4hrigen Generalversammlung besprochen, sollten im 1. Halbjahr 2019 zahlreiche Aufgaben und Zust\u00e4ndigkeiten in unserem Verein neu aufgeteilt werden. Ziel sollte es sein, den engeren Vorstand in der t\u00e4glichen Arbeit zu entlasten und die Aufgaben auf mehrere und j\u00fcngere Schultern zu verteilen. Durch die Bereitschaft zahlreicher j\u00fcngerer OSV-Sportler konnten wir hierbei [&hellip;]<\/p>\n","protected":false},"author":3,"featured_media":0,"comment_status":"closed","ping_status":"closed","sticky":false,"template":"","format":"standard","meta":{"footnotes":""},"categories":[3],"tags":[],"_links":{"self":[{"href":"https:\/\/sw-osterfeine.de\/index.php?rest_route=\/wp\/v2\/posts\/25630"}],"collection":[{"href":"https:\/\/sw-osterfeine.de\/index.php?rest_route=\/wp\/v2\/posts"}],"about":[{"href":"https:\/\/sw-osterfeine.de\/index.php?rest_route=\/wp\/v2\/types\/post"}],"author":[{"embeddable":true,"href":"https:\/\/sw-osterfeine.de\/index.php?rest_route=\/wp\/v2\/users\/3"}],"replies":[{"embeddable":true,"href":"https:\/\/sw-osterfeine.de\/index.php?rest_route=%2Fwp%2Fv2%2Fcomments&post=25630"}],"version-history":[{"count":1,"href":"https:\/\/sw-osterfeine.de\/index.php?rest_route=\/wp\/v2\/posts\/25630\/revisions"}],"predecessor-version":[{"id":25631,"href":"https:\/\/sw-osterfeine.de\/index.php?rest_route=\/wp\/v2\/posts\/25630\/revisions\/25631"}],"wp:attachment":[{"href":"https:\/\/sw-osterfeine.de\/index.php?rest_route=%2Fwp%2Fv2%2Fmedia&parent=25630"}],"wp:term":[{"taxonomy":"category","embeddable":true,"href":"https:\/\/sw-osterfeine.de\/index.php?rest_route=%2Fwp%2Fv2%2Fcategories&post=25630"},{"taxonomy":"post_tag","embeddable":true,"href":"https:\/\/sw-osterfeine.de\/index.php?rest_route=%2Fwp%2Fv2%2Ftags&post=25630"}],"curies":[{"name":"wp","href":"https:\/\/api.w.org\/{rel}","templated":true}]}}