{"id":25736,"date":"2019-09-02T19:54:53","date_gmt":"2019-09-02T17:54:53","guid":{"rendered":"https:\/\/sw-osterfeine.de\/?p=25736"},"modified":"2019-09-02T19:54:53","modified_gmt":"2019-09-02T17:54:53","slug":"pokalspiel-1-damen","status":"publish","type":"post","link":"https:\/\/sw-osterfeine.de\/?p=25736","title":{"rendered":"Pokalspiel 1. Damen"},"content":{"rendered":"\n<p>SV SW Osterfeine &#8211; \u00a0TV Gm-H\u00fctte \u00a0\u00a0\u00a0\u00a0\u00a0\u00a0\u00a0\u00a0\u00a0\u00a0\u00a0\u00a0 29 : 18 (16 : 11)<\/p>\n<p>Spielfilm:<\/p>\n<p>1.HZ: 1:2; 4:3; 7:5; 7:7; 10:7; 11:10; 16:11; \u00a0<\/p>\n<p>2.HZ: 18:11; 20:12; 24:14; 27:16; 28:18; 29:18;<\/p>\n<p>Die Mannschaft ging sehr nerv\u00f6s in das erste Pflichtspiel und schenkte dem Gegner in den ersten 10 Spielminuten einige B\u00e4lle, die Gm-h\u00fctte zu Toren nutzen konnte. Zudem hatte man einige Abstimmungsprobleme gegen die gro\u00df gewachsene Kreisl\u00e4uferin von Gm-H\u00fctte. Danach gewann man \u00fcber die Abwehr Sicherheit, erk\u00e4mpfte sich etliche B\u00e4lle und nutzte dies konsequent zu Gegenst\u00f6\u00dfen.\u00a0 Im zweiten Durchgang war es ein \u00e4hnliches Bild. Die Abwehr arbeitete sehr konsequent, es wurden B\u00e4lle erk\u00e4mpft und nach guten Angriffsaktionen zu Toren genutzt. <strong>\u00a0\u00a0\u00a0\u00a0\u00a0\u00a0\u00a0\u00a0\u00a0\u00a0\u00a0\u00a0\u00a0\u00a0\u00a0\u00a0\u00a0\u00a0\u00a0\u00a0\u00a0\u00a0\u00a0\u00a0\u00a0\u00a0\u00a0\u00a0\u00a0\u00a0\u00a0\u00a0\u00a0\u00a0\u00a0\u00a0\u00a0\u00a0\u00a0\u00a0\u00a0\u00a0\u00a0\u00a0\u00a0\u00a0\u00a0\u00a0\u00a0\u00a0\u00a0\u00a0\u00a0\u00a0\u00a0\u00a0\u00a0\u00a0\u00a0\u00a0\u00a0\u00a0\u00a0\u00a0\u00a0\u00a0\u00a0\u00a0\u00a0\u00a0\u00a0\u00a0\u00a0\u00a0\u00a0\u00a0\u00a0\u00a0\u00a0\u00a0\u00a0\u00a0\u00a0\u00a0\u00a0\u00a0\u00a0\u00a0\u00a0\u00a0\u00a0\u00a0\u00a0\u00a0\u00a0\u00a0\u00a0\u00a0\u00a0\u00a0\u00a0\u00a0\u00a0\u00a0\u00a0\u00a0 <\/strong><\/p>\n<table width=\"412\">\n<tbody>\n<tr>\n<td width=\"72\">\n<p>18<\/p>\n<\/td>\n<td width=\"135\">\n<p>Renzenbrink<\/p>\n<\/td>\n<td width=\"125\">\n<p>Franziska<\/p>\n<\/td>\n<td width=\"80\">\n<p>TW<\/p>\n<\/td>\n<\/tr>\n<tr>\n<td width=\"72\">\n<p>1<\/p>\n<\/td>\n<td width=\"135\">\n<p>B\u00f6ckerstette<\/p>\n<\/td>\n<td width=\"125\">\n<p>Lauri<\/p>\n<\/td>\n<td width=\"80\">\n<p>TW<\/p>\n<\/td>\n<\/tr>\n<tr>\n<td width=\"72\">\n<p>2<\/p>\n<\/td>\n<td width=\"135\">\n<p>Meyer<\/p>\n<\/td>\n<td width=\"125\">\n<p>Lisa<\/p>\n<\/td>\n<td width=\"80\">\n<p>\u00a03<\/p>\n<\/td>\n<\/tr>\n<tr>\n<td width=\"72\">\n<p>3<\/p>\n<\/td>\n<td width=\"135\">\n<p>Riesenbeck<\/p>\n<\/td>\n<td width=\"125\">\n<p>Svenja<\/p>\n<\/td>\n<td width=\"80\">\n<p>\u00a01<\/p>\n<\/td>\n<\/tr>\n<tr>\n<td width=\"72\">\n<p>7<\/p>\n<\/td>\n<td width=\"135\">\n<p>Lampe<\/p>\n<\/td>\n<td width=\"125\">\n<p>Julia<\/p>\n<\/td>\n<td width=\"80\">\n<p>\u00a06\/3<\/p>\n<\/td>\n<\/tr>\n<tr>\n<td width=\"72\">\n<p>9<\/p>\n<\/td>\n<td width=\"135\">\n<p>Beckmann<\/p>\n<\/td>\n<td width=\"125\">\n<p>Louisa<\/p>\n<\/td>\n<td width=\"80\">\n<p>\u00a02<\/p>\n<\/td>\n<\/tr>\n<tr>\n<td width=\"72\">\n<p>10<\/p>\n<\/td>\n<td width=\"135\">\n<p>Berens<\/p>\n<\/td>\n<td width=\"125\">\n<p>Laura<\/p>\n<\/td>\n<td width=\"80\">\n<p>\u00a02<\/p>\n<\/td>\n<\/tr>\n<tr>\n<td width=\"72\">\n<p>14<\/p>\n<\/td>\n<td width=\"135\">\n<p>Wiehebrink<\/p>\n<\/td>\n<td width=\"125\">\n<p>Lena<\/p>\n<\/td>\n<td width=\"80\">\n<p>\u00a02<\/p>\n<\/td>\n<\/tr>\n<tr>\n<td width=\"72\">\n<p>15<\/p>\n<\/td>\n<td width=\"135\">\n<p>Landwehr<\/p>\n<\/td>\n<td width=\"125\">\n<p>Jessica<\/p>\n<\/td>\n<td width=\"80\">\n<p>\u00a02<\/p>\n<\/td>\n<\/tr>\n<tr>\n<td width=\"72\">\n<p>16<\/p>\n<\/td>\n<td width=\"135\">\n<p>kl. Klausing<\/p>\n<\/td>\n<td width=\"125\">\n<p>Laura<\/p>\n<\/td>\n<td width=\"80\">\n<p>\u00a03<\/p>\n<\/td>\n<\/tr>\n<tr>\n<td width=\"72\">\n<p>20<\/p>\n<\/td>\n<td width=\"135\">\n<p>Maue<\/p>\n<\/td>\n<td width=\"125\">\n<p>Charly<\/p>\n<\/td>\n<td width=\"80\">\n<p>\u00a04<\/p>\n<\/td>\n<\/tr>\n<tr>\n<td width=\"72\">\n<p>4<\/p>\n<\/td>\n<td width=\"135\">\n<p>Meyer<\/p>\n<\/td>\n<td width=\"125\">\n<p>Steffi<\/p>\n<\/td>\n<td width=\"80\">\n<p>\u00a04<\/p>\n<\/td>\n<\/tr>\n<tr>\n<td width=\"72\">\n<p>17\u00a0<\/p>\n<\/td>\n<td width=\"135\">\n<p>St\u00f6ppelmann<\/p>\n<\/td>\n<td width=\"125\">\n<p>Alena<\/p>\n<\/td>\n<td width=\"80\">\n<p>\u00a0<\/p>\n<\/td>\n<\/tr>\n<\/tbody>\n<\/table>\n","protected":false},"excerpt":{"rendered":"<p>SV SW Osterfeine &#8211; \u00a0TV Gm-H\u00fctte \u00a0\u00a0\u00a0\u00a0\u00a0\u00a0\u00a0\u00a0\u00a0\u00a0\u00a0\u00a0 29 : 18 (16 : 11) Spielfilm: 1.HZ: 1:2; 4:3; 7:5; 7:7; 10:7; 11:10; 16:11; \u00a0 2.HZ: 18:11; 20:12; 24:14; 27:16; 28:18; 29:18; Die Mannschaft ging sehr nerv\u00f6s in das erste Pflichtspiel und schenkte dem Gegner in den ersten 10 Spielminuten einige B\u00e4lle, die Gm-h\u00fctte zu Toren nutzen [&hellip;]<\/p>\n","protected":false},"author":3,"featured_media":0,"comment_status":"closed","ping_status":"closed","sticky":false,"template":"","format":"standard","meta":{"footnotes":""},"categories":[1],"tags":[],"_links":{"self":[{"href":"https:\/\/sw-osterfeine.de\/index.php?rest_route=\/wp\/v2\/posts\/25736"}],"collection":[{"href":"https:\/\/sw-osterfeine.de\/index.php?rest_route=\/wp\/v2\/posts"}],"about":[{"href":"https:\/\/sw-osterfeine.de\/index.php?rest_route=\/wp\/v2\/types\/post"}],"author":[{"embeddable":true,"href":"https:\/\/sw-osterfeine.de\/index.php?rest_route=\/wp\/v2\/users\/3"}],"replies":[{"embeddable":true,"href":"https:\/\/sw-osterfeine.de\/index.php?rest_route=%2Fwp%2Fv2%2Fcomments&post=25736"}],"version-history":[{"count":1,"href":"https:\/\/sw-osterfeine.de\/index.php?rest_route=\/wp\/v2\/posts\/25736\/revisions"}],"predecessor-version":[{"id":25737,"href":"https:\/\/sw-osterfeine.de\/index.php?rest_route=\/wp\/v2\/posts\/25736\/revisions\/25737"}],"wp:attachment":[{"href":"https:\/\/sw-osterfeine.de\/index.php?rest_route=%2Fwp%2Fv2%2Fmedia&parent=25736"}],"wp:term":[{"taxonomy":"category","embeddable":true,"href":"https:\/\/sw-osterfeine.de\/index.php?rest_route=%2Fwp%2Fv2%2Fcategories&post=25736"},{"taxonomy":"post_tag","embeddable":true,"href":"https:\/\/sw-osterfeine.de\/index.php?rest_route=%2Fwp%2Fv2%2Ftags&post=25736"}],"curies":[{"name":"wp","href":"https:\/\/api.w.org\/{rel}","templated":true}]}}