{"id":25770,"date":"2019-09-13T08:16:29","date_gmt":"2019-09-13T06:16:29","guid":{"rendered":"https:\/\/sw-osterfeine.de\/?p=25770"},"modified":"2019-09-13T08:20:44","modified_gmt":"2019-09-13T06:20:44","slug":"bericht-g-jugend","status":"publish","type":"post","link":"https:\/\/sw-osterfeine.de\/?p=25770","title":{"rendered":"Bericht G-Jugend"},"content":{"rendered":"\n<p>Fussball G-Junioren (Jahrgang 2013 und j\u00fcnger)<\/p>\n<p>\u00a0<\/p>\n<p>Im Bereich der G-Junioren soll in erster Linie die Begeisterung f\u00fcr den Fu\u00dfball, Sport und Bewegung im Allgemeinen geweckt werden und das Fernab von Ergebnis- und Leistungsdruck. Freies Spielen bei dem das Fu\u00dfballspielen erlebt wird und erste Erfahrungen mit Ball, Mit- und Gegenspieler gesammelt werden steht an oberster Stelle. Dabei wird das Spielen in einer Gruppe mit nur einem Ball die Regeln im Laufe der Spiele erlernt. Die Kinder sind in diesem Alter noch sehr stark \u201eIch\u201c-bezogen, daher ist das Zusammenspiel noch wenig ausgepr\u00e4gt. Im Vordergrund steht die individuelle Entwicklung der(fu\u00dfballerischen) F\u00e4higkeiten des Einzelnen. Viele Erfolgserlebnisse f\u00fcr alle Kinder sollen die Kinder motivieren und deren Begeisterung f\u00fcr Fu\u00dfball in unserem Verein wecken und steigern. Ich hoffe, dass uns dieses auch in diesem Jahr wieder gelingt.<\/p>\n<p>Die G-Junioren unseres Vereins teilen sich aktuell in 3 Mannschaften.<\/p>\n<p>Die GI mit Trainer Bernd Escher nimmt am Spielbetrieb teil.<\/p>\n<p><a href=\"https:\/\/sw-osterfeine.de\/wp-content\/uploads\/2019\/09\/G-Jugend.jpg\" data-rel=\"lightbox-image-0\" data-rl_title=\"\" data-rl_caption=\"\" title=\"\"><img loading=\"lazy\" decoding=\"async\" class=\"alignnone size-medium wp-image-25773\" src=\"https:\/\/sw-osterfeine.de\/wp-content\/uploads\/2019\/09\/G-Jugend-300x224.jpg\" alt=\"\" width=\"300\" height=\"224\" srcset=\"https:\/\/sw-osterfeine.de\/wp-content\/uploads\/2019\/09\/G-Jugend-300x224.jpg 300w, https:\/\/sw-osterfeine.de\/wp-content\/uploads\/2019\/09\/G-Jugend-768x573.jpg 768w, https:\/\/sw-osterfeine.de\/wp-content\/uploads\/2019\/09\/G-Jugend-1024x763.jpg 1024w, https:\/\/sw-osterfeine.de\/wp-content\/uploads\/2019\/09\/G-Jugend.jpg 1222w\" sizes=\"(max-width: 300px) 100vw, 300px\" \/><\/a><\/p>\n<p>\u00a0<\/p>\n<p>Hinten von links: Trainer Bernd Escher, Henri B\u00f6ckmann, Mats Br\u00e4gelmann, Clemens Lamping, Toni Middendorf, Hugo St\u00e4rk<\/p>\n<p>Vorne von links: Michel Escher, Ferdinand Gravemeyer, Jakob Kreymborg, Karl Runnebaum, Jost Borgmann<\/p>\n<p>\u00a0<\/p>\n<p>\u00a0<\/p>\n<p>Vor dem Saisonstart hat die junge Mannschaft beim Sport-B\u00f6ckmann-Cup in Holdorf erste Erfahrungen sammeln k\u00f6nnen und auch schon einige Erfolgserlebnisse mitgenommen. Dem folgten die ersten Spiele in V\u00f6rden (5:7), gegen Lohne 3 (21:1) und in Brockdorf (12:1). Das bei allen Spielen das Ergebnis nachrangig ist, zeigt insbesondere die Nachfrage einiger Kinder nach dem Spiel: \u201eWie haben wir gespielt?\u201c oder das Herausheben der eigenen positiven Spielsituationen.<\/p>\n<p>Spannend ist zu beobachten, wie sich die Spieler immer weiterentwickeln und erlerntes direkt versuchen umzusetzen. Auch wenn die Konzentration der Kinder noch zeitlich begrenzt ist, sind sie, insbesondere im Wettbewerb miteinander, durchaus lernwillig.<\/p>\n<p>\u00a0<\/p>\n<p>Die n\u00e4chsten Spiele der G1<\/p>\n<p>14.09. um 11 Uhr in Steinfeld<\/p>\n<p>21.09. um 11 Uhr in Dinklage<\/p>\n<p>28.09. um 11 Uhr in Osterfeine gegen M\u00fchlen<\/p>\n<p>05.10. um 11 Uhr in Neuenkirchen<\/p>\n<p>\u00a0<\/p>\n<p>Unser GII wird von unserem FSJler Luca Sarnowski trainiert und von J\u00f6rg Runnebaum betreut. In dieser Mannschaft tummeln sich aktuell ca. 15 junge Spieler, von denen viele Spieler seit mehr als einem Jahr am Training teilnehmen. Teile dieser Mannschaft sollen ab der Hallenrunde mit einer Mannschaft an Hallen- und R\u00fcckrunde teilnehmen. Die Mannschaft trainiert am Donnerstagnachmittag in Osterfeine.<\/p>\n<p>\u00a0<\/p>\n<p>Die GIII ist vor 2 Wochen mit einem Schnuppertraining gestartet. Zwischen 9 und 12 junge Spieler, zumeist Jahrgang 2015 werden hier von Bernd Escher betreut. Die Mannschaft \u201etrainiert\u201c am Dienstagnachmittag ab 15:15 Uhr in Osterfeine. Bis zu den Herbstferien wird das Training drau\u00dfen stattfinden, nach den Herbstferien gehen die Kleinsten in die Halle.<\/p>\n<p>\u00a0<\/p>\n<p>\u00a0<\/p>\n<p>\u00a0<\/p>\n","protected":false},"excerpt":{"rendered":"<p>Fussball G-Junioren (Jahrgang 2013 und j\u00fcnger) \u00a0 Im Bereich der G-Junioren soll in erster Linie die Begeisterung f\u00fcr den Fu\u00dfball, Sport und Bewegung im Allgemeinen geweckt werden und das Fernab von Ergebnis- und Leistungsdruck. Freies Spielen bei dem das Fu\u00dfballspielen erlebt wird und erste Erfahrungen mit Ball, Mit- und Gegenspieler gesammelt werden steht an oberster [&hellip;]<\/p>\n","protected":false},"author":3,"featured_media":0,"comment_status":"closed","ping_status":"closed","sticky":false,"template":"","format":"standard","meta":{"footnotes":""},"categories":[3],"tags":[],"_links":{"self":[{"href":"https:\/\/sw-osterfeine.de\/index.php?rest_route=\/wp\/v2\/posts\/25770"}],"collection":[{"href":"https:\/\/sw-osterfeine.de\/index.php?rest_route=\/wp\/v2\/posts"}],"about":[{"href":"https:\/\/sw-osterfeine.de\/index.php?rest_route=\/wp\/v2\/types\/post"}],"author":[{"embeddable":true,"href":"https:\/\/sw-osterfeine.de\/index.php?rest_route=\/wp\/v2\/users\/3"}],"replies":[{"embeddable":true,"href":"https:\/\/sw-osterfeine.de\/index.php?rest_route=%2Fwp%2Fv2%2Fcomments&post=25770"}],"version-history":[{"count":3,"href":"https:\/\/sw-osterfeine.de\/index.php?rest_route=\/wp\/v2\/posts\/25770\/revisions"}],"predecessor-version":[{"id":25774,"href":"https:\/\/sw-osterfeine.de\/index.php?rest_route=\/wp\/v2\/posts\/25770\/revisions\/25774"}],"wp:attachment":[{"href":"https:\/\/sw-osterfeine.de\/index.php?rest_route=%2Fwp%2Fv2%2Fmedia&parent=25770"}],"wp:term":[{"taxonomy":"category","embeddable":true,"href":"https:\/\/sw-osterfeine.de\/index.php?rest_route=%2Fwp%2Fv2%2Fcategories&post=25770"},{"taxonomy":"post_tag","embeddable":true,"href":"https:\/\/sw-osterfeine.de\/index.php?rest_route=%2Fwp%2Fv2%2Ftags&post=25770"}],"curies":[{"name":"wp","href":"https:\/\/api.w.org\/{rel}","templated":true}]}}