{"id":25822,"date":"2019-09-30T08:39:28","date_gmt":"2019-09-30T06:39:28","guid":{"rendered":"https:\/\/sw-osterfeine.de\/?p=25822"},"modified":"2019-09-30T08:39:28","modified_gmt":"2019-09-30T06:39:28","slug":"iii-herren-bericht","status":"publish","type":"post","link":"https:\/\/sw-osterfeine.de\/?p=25822","title":{"rendered":"III. Herren Bericht"},"content":{"rendered":"\n<p>SW Osterfeine III 2:5 SV Falke Steinfeld III<\/p>\n<p>Mit 2:5 musste unsere III. Herren sich den G\u00e4sten aus Steinfeld geschlagen geben. Mit einer stark dezimierten Truppe (insgesamt 8 Spieler der III. Herren, davon einer bislang ohne Einsatz) konnten wir unsere guten Ans\u00e4tze aus der ersten halben Stunde nicht \u00fcber das gesamte Spiel durchbringen.<\/p>\n<p>Nach der fr\u00fchen F\u00fchrung durch Malte Lenger (4. Minute) nach Vorlage von Nils Kr\u00fcger, der f\u00fcr dieses Spiel aus unserer IV. Herren zu uns gesto\u00dfen war, dauerte es bis zur 21. Minute ehe ein Doppelschlag die Steinfelder in F\u00fchrung brachte. Bereits in der 27. Minute gelang Nils jedoch nach sch\u00f6nem Flankenlauf von Tobi Fangmann der Ausgleich. Es folgten Gegentore in der 30., 34. Und 44. Minute und somit ging es mit 2:5 in die Halbzeit.<\/p>\n<p>Nach der Pause kam Steinfeld noch zu einigen sogenannten 100 prozentigen Chancen, die Christian \u201eAnwalt\u201c Meyer jedoch allesamt entsch\u00e4rfen konnte. Viel mehr bleibt eigentlich nicht zu sagen. Jakob \u201eJocab\u201c Lampe machte in seinem zweiten Spiel als Innenverteidiger (zuvor ein Kurzeinsatz gegen Vechta) ein richtig gutes Spiel und empfahl sich f\u00fcr weitere Eins\u00e4tze auf dieser f\u00fcr ihn ungewohnten Position. Ansonsten machte sich doch bemerkbar, dass unsere Mannschaft an diesem Tag ziemlich zusammengew\u00fcrfelt war.<\/p>\n<p>Ein Dank geht an alle, die in diesem Spiel ausgeholfen haben (Philipp \u201eProppen\u201c Rusche nach Verletzung, Nils Kr\u00fcger, Kevin \u201eRocco\u201c Kruthaup, Philipp \u201eFlips\u201c Osterhues, Oliver Osterhues, Waldemar \u201eWaldi\u201c Mantai alle aus der IV. Herren, sowie Philipp St\u00f6ppelmann, der sich kurzfristig aus dem 1,5-j\u00e4hrigen Ruhestand zur\u00fcckgemeldet hat).<\/p>\n<p>Ich hoffe sehr, dass wir im n\u00e4chsten Spiel am kommenden Sonntag in Lohne dann wieder in voller St\u00e4rke antreten k\u00f6nnen. Dann d\u00fcrfte da auch was zu holen sein.<\/p>\n<p>Mit freundlichen Gr\u00fc\u00dfen<\/p>\n<p>Coach P.<\/p>\n","protected":false},"excerpt":{"rendered":"<p>SW Osterfeine III 2:5 SV Falke Steinfeld III Mit 2:5 musste unsere III. Herren sich den G\u00e4sten aus Steinfeld geschlagen geben. Mit einer stark dezimierten Truppe (insgesamt 8 Spieler der III. Herren, davon einer bislang ohne Einsatz) konnten wir unsere guten Ans\u00e4tze aus der ersten halben Stunde nicht \u00fcber das gesamte Spiel durchbringen. Nach der [&hellip;]<\/p>\n","protected":false},"author":3,"featured_media":0,"comment_status":"closed","ping_status":"closed","sticky":false,"template":"","format":"standard","meta":{"footnotes":""},"categories":[3],"tags":[],"_links":{"self":[{"href":"https:\/\/sw-osterfeine.de\/index.php?rest_route=\/wp\/v2\/posts\/25822"}],"collection":[{"href":"https:\/\/sw-osterfeine.de\/index.php?rest_route=\/wp\/v2\/posts"}],"about":[{"href":"https:\/\/sw-osterfeine.de\/index.php?rest_route=\/wp\/v2\/types\/post"}],"author":[{"embeddable":true,"href":"https:\/\/sw-osterfeine.de\/index.php?rest_route=\/wp\/v2\/users\/3"}],"replies":[{"embeddable":true,"href":"https:\/\/sw-osterfeine.de\/index.php?rest_route=%2Fwp%2Fv2%2Fcomments&post=25822"}],"version-history":[{"count":1,"href":"https:\/\/sw-osterfeine.de\/index.php?rest_route=\/wp\/v2\/posts\/25822\/revisions"}],"predecessor-version":[{"id":25823,"href":"https:\/\/sw-osterfeine.de\/index.php?rest_route=\/wp\/v2\/posts\/25822\/revisions\/25823"}],"wp:attachment":[{"href":"https:\/\/sw-osterfeine.de\/index.php?rest_route=%2Fwp%2Fv2%2Fmedia&parent=25822"}],"wp:term":[{"taxonomy":"category","embeddable":true,"href":"https:\/\/sw-osterfeine.de\/index.php?rest_route=%2Fwp%2Fv2%2Fcategories&post=25822"},{"taxonomy":"post_tag","embeddable":true,"href":"https:\/\/sw-osterfeine.de\/index.php?rest_route=%2Fwp%2Fv2%2Ftags&post=25822"}],"curies":[{"name":"wp","href":"https:\/\/api.w.org\/{rel}","templated":true}]}}