{"id":25840,"date":"2019-10-04T11:31:22","date_gmt":"2019-10-04T09:31:22","guid":{"rendered":"https:\/\/sw-osterfeine.de\/?p=25840"},"modified":"2019-10-04T11:31:22","modified_gmt":"2019-10-04T09:31:22","slug":"sw-osterfeine-iii-03-gw-muehlen-iii","status":"publish","type":"post","link":"https:\/\/sw-osterfeine.de\/?p=25840","title":{"rendered":"SW Osterfeine III 0:3 GW M\u00fchlen III"},"content":{"rendered":"\n<p>Auch gegen M\u00fchlen mussten wir uns eingestehen, dass unsere aktuelle Form nicht dem entspricht, was es ben\u00f6tigt um in dieser Liga erfolgreich zu sein. \u00dcber 90 Minuten kamen wir gef\u00fchlt in jedem Zweikampf einen Schritt zu sp\u00e4t und konnten den Gegner offensiv wie defensiv nicht nachhaltig unter Druck setzen. Bereits nach 10 Minuten ging unser Gegner in F\u00fchrung und baute auch in der Folge Druck auf. \u00dcber einen relativ langen Zeitraum scheiterten die M\u00fchlener Angriffe jedoch entweder an unserer letzten Verteidigungslinie oder an Torwart Christian Meyer, der lange Zeit einen h\u00f6heren R\u00fcckstand verhinderte. Ein Pass durch die Schnittstelle unserer Abwehr nach einer Kontersituation brachte uns jedoch noch vor der Pause das 0:2 ein (42. Minute).<\/p>\n<p>Auch nach der Pause zeigte sich ein \u00e4hnliches Bild. Wir bekamen keinen Zugriff auf das Spiel und fanden uns permanent in Drucksituationen wieder. Und zus\u00e4tzlich verursachten wir eine Vielzahl unn\u00f6tiger, um nicht zu sagen dummer Freist\u00f6\u00dfe. Die logische Folge war das 0:3 in der 57. Minute durch einen Freisto\u00df, der seinen Weg direkt in die Maschen fand.<\/p>\n<p>Mehr gibt es zu diesem Spiel eigentlich nicht zu sagen. Egal wie lange wir an diesem Tag gespielt h\u00e4tten\u2026 einen positiven Ausgang h\u00e4tte es f\u00fcr uns nicht genommen. Als n\u00e4chstes erwarten wir den aktuellen Tabellenzweiten aus Lutten in Osterfeine. Immerhin konnten wir unseren Frust bei der anschlie\u00dfenden Einstandsfeier f\u00fcr unsere Neuzug\u00e4nge bei Bier und Schnitzelbr\u00f6tchen lindern. Die Neuen konnten ihren kompetitiven Charakter in diversen Spielen und einem Quiz unter Beweis stellen und meisterten die ihnen gestellten Aufgaben mit Bravour. Durch seine ausbauf\u00e4hige Performance, insbesondere im Quiz (da wird wohl noch die eine oder andere Unterrichtsstunde in \u201eVereinsgeschichte\u201c bei Bubble notwendig sein) konnte sich unser FSJler Luca Sarnowski f\u00fcr den Posten des Grillbeauftragten der III. und IV. Herren empfehlen. Die Mannschaft ist zuversichtlich den richtigen Mann f\u00fcr diese ehren- und verantwortungsvolle Aufgabe gefunden zu haben.<\/p>\n<p>Mit freundlichen Gr\u00fc\u00dfen<\/p>\n<p>Coach P.<\/p>\n<p>\u00a0<\/p>\n","protected":false},"excerpt":{"rendered":"<p>Auch gegen M\u00fchlen mussten wir uns eingestehen, dass unsere aktuelle Form nicht dem entspricht, was es ben\u00f6tigt um in dieser Liga erfolgreich zu sein. \u00dcber 90 Minuten kamen wir gef\u00fchlt in jedem Zweikampf einen Schritt zu sp\u00e4t und konnten den Gegner offensiv wie defensiv nicht nachhaltig unter Druck setzen. Bereits nach 10 Minuten ging unser [&hellip;]<\/p>\n","protected":false},"author":3,"featured_media":0,"comment_status":"closed","ping_status":"closed","sticky":false,"template":"","format":"standard","meta":{"footnotes":""},"categories":[3],"tags":[],"_links":{"self":[{"href":"https:\/\/sw-osterfeine.de\/index.php?rest_route=\/wp\/v2\/posts\/25840"}],"collection":[{"href":"https:\/\/sw-osterfeine.de\/index.php?rest_route=\/wp\/v2\/posts"}],"about":[{"href":"https:\/\/sw-osterfeine.de\/index.php?rest_route=\/wp\/v2\/types\/post"}],"author":[{"embeddable":true,"href":"https:\/\/sw-osterfeine.de\/index.php?rest_route=\/wp\/v2\/users\/3"}],"replies":[{"embeddable":true,"href":"https:\/\/sw-osterfeine.de\/index.php?rest_route=%2Fwp%2Fv2%2Fcomments&post=25840"}],"version-history":[{"count":1,"href":"https:\/\/sw-osterfeine.de\/index.php?rest_route=\/wp\/v2\/posts\/25840\/revisions"}],"predecessor-version":[{"id":25841,"href":"https:\/\/sw-osterfeine.de\/index.php?rest_route=\/wp\/v2\/posts\/25840\/revisions\/25841"}],"wp:attachment":[{"href":"https:\/\/sw-osterfeine.de\/index.php?rest_route=%2Fwp%2Fv2%2Fmedia&parent=25840"}],"wp:term":[{"taxonomy":"category","embeddable":true,"href":"https:\/\/sw-osterfeine.de\/index.php?rest_route=%2Fwp%2Fv2%2Fcategories&post=25840"},{"taxonomy":"post_tag","embeddable":true,"href":"https:\/\/sw-osterfeine.de\/index.php?rest_route=%2Fwp%2Fv2%2Ftags&post=25840"}],"curies":[{"name":"wp","href":"https:\/\/api.w.org\/{rel}","templated":true}]}}