{"id":25842,"date":"2019-10-04T11:34:00","date_gmt":"2019-10-04T09:34:00","guid":{"rendered":"https:\/\/sw-osterfeine.de\/?p=25842"},"modified":"2019-10-04T11:34:00","modified_gmt":"2019-10-04T09:34:00","slug":"duemmerlauf-auch-2019-ein-toller-erfolg","status":"publish","type":"post","link":"https:\/\/sw-osterfeine.de\/?p=25842","title":{"rendered":"D\u00fcmmerlauf auch 2019 ein toller Erfolg"},"content":{"rendered":"\n<p>Der von dem Lauftreff des Sportvereines SW Osterfeine perfekt organisierte D\u00fcmmerlauf war auch 2019 ein toller Erfolg und eine tolle Werbung f\u00fcr den Laufsport, f\u00fcr den OSV-Lauftreff und f\u00fcr den ganzen OSV. Bereits in den fr\u00fchen Morgenstunden begann die routinierte ORGA-Crew unter der Leitung von David Wadulla mit den letzten Vorbereitungen, um p\u00fcnktlich um 10.00 Uhr den Lauf um den D\u00fcmmer zu starten. \u00dcber 200 L\u00e4ufer machten sich trotz Regens auf die 18,6 km lange D\u00fcmmerschleife. Weitere zahlreiche L\u00e4uferinnen und L\u00e4ufer absolvierten verschiedenen Strecken zwischen 3,3 und 10 Kilometer.<\/p>\n<p>Gro\u00dfe Teile der VEC-Elitel\u00e4ufer waren am Feiertag beim D\u00fcmmerlauf dabei und zeigten dabei ganz tolle Leistungen. Obwohl der organisierende OSV-Lauftreff auf eine Startteilnahme zugunsten einer guten Organisation verzichtete, konnte sich einige OSVer partiell in den L\u00e4uferfocus laufen.\u00a0 Zahlreiche Mannschaftssportler der Hand- und Fu\u00dfballabteilung unseres Vereines liefen in gro\u00dfer St\u00e4rke mit. Kompliment und Danke f\u00fcr eure Unterst\u00fctzung unseres Lauftreffs.<\/p>\n<p>\u00dcber 6,6 km siegte unser allseits beliebter FSJler Arne Vink mit einer tollen Zeit und imponierte mit seinem Laufverm\u00f6gen. Platz 3 belegte hier Lukas Decker aus unserer 1. Mannschaft. Mit einer passablen Zeit konnte sich Felix Piening \u00fcber die Rundschleife unter den top Ten platzieren. Weit \u00fcber 400 Kinder, Jugendliche und Erwachsene konnte unser Lauftreff am fr\u00fchen Morgen motivieren, mit einer sportlichen Bet\u00e4tigung den Feiertag zu beginnen. Allein das ist schon ein gro\u00dfer Erfolg f\u00fcr die Organisatoren.<\/p>\n<p>Daher geht abschlie\u00dfend ein riesengro\u00dfes Kompliment an unseren Lauftreff f\u00fcr die Organisation, allen Helfern ein gro\u00dfes Dankesch\u00f6n, den Sportlern ein Kompliment f\u00fcr die sportlichen Leistungen und den zahlreichen Zuschauern Danke f\u00fcr die Unterst\u00fctzung der Sportler am Streckenrand.<\/p>\n<p>Explizit gedankt sei an dieser Stelle auch den heimischen Segelvereinen SVOH und SOSC f\u00fcr die Bereitstellung der wunderbaren Seglerclubr\u00e4ume. Hierdurch machte der D\u00fcmmerlauf nochmal wieder ein Schritt nach vorne.<\/p>\n","protected":false},"excerpt":{"rendered":"<p>Der von dem Lauftreff des Sportvereines SW Osterfeine perfekt organisierte D\u00fcmmerlauf war auch 2019 ein toller Erfolg und eine tolle Werbung f\u00fcr den Laufsport, f\u00fcr den OSV-Lauftreff und f\u00fcr den ganzen OSV. Bereits in den fr\u00fchen Morgenstunden begann die routinierte ORGA-Crew unter der Leitung von David Wadulla mit den letzten Vorbereitungen, um p\u00fcnktlich um 10.00 [&hellip;]<\/p>\n","protected":false},"author":3,"featured_media":0,"comment_status":"closed","ping_status":"closed","sticky":false,"template":"","format":"standard","meta":{"footnotes":""},"categories":[37],"tags":[],"_links":{"self":[{"href":"https:\/\/sw-osterfeine.de\/index.php?rest_route=\/wp\/v2\/posts\/25842"}],"collection":[{"href":"https:\/\/sw-osterfeine.de\/index.php?rest_route=\/wp\/v2\/posts"}],"about":[{"href":"https:\/\/sw-osterfeine.de\/index.php?rest_route=\/wp\/v2\/types\/post"}],"author":[{"embeddable":true,"href":"https:\/\/sw-osterfeine.de\/index.php?rest_route=\/wp\/v2\/users\/3"}],"replies":[{"embeddable":true,"href":"https:\/\/sw-osterfeine.de\/index.php?rest_route=%2Fwp%2Fv2%2Fcomments&post=25842"}],"version-history":[{"count":2,"href":"https:\/\/sw-osterfeine.de\/index.php?rest_route=\/wp\/v2\/posts\/25842\/revisions"}],"predecessor-version":[{"id":25844,"href":"https:\/\/sw-osterfeine.de\/index.php?rest_route=\/wp\/v2\/posts\/25842\/revisions\/25844"}],"wp:attachment":[{"href":"https:\/\/sw-osterfeine.de\/index.php?rest_route=%2Fwp%2Fv2%2Fmedia&parent=25842"}],"wp:term":[{"taxonomy":"category","embeddable":true,"href":"https:\/\/sw-osterfeine.de\/index.php?rest_route=%2Fwp%2Fv2%2Fcategories&post=25842"},{"taxonomy":"post_tag","embeddable":true,"href":"https:\/\/sw-osterfeine.de\/index.php?rest_route=%2Fwp%2Fv2%2Ftags&post=25842"}],"curies":[{"name":"wp","href":"https:\/\/api.w.org\/{rel}","templated":true}]}}