{"id":25845,"date":"2019-10-04T11:39:52","date_gmt":"2019-10-04T09:39:52","guid":{"rendered":"https:\/\/sw-osterfeine.de\/?p=25845"},"modified":"2019-10-04T11:39:52","modified_gmt":"2019-10-04T09:39:52","slug":"vorwort-zum-heimspiel-gegen-bw-lohne-ii-am-06-10-2019","status":"publish","type":"post","link":"https:\/\/sw-osterfeine.de\/?p=25845","title":{"rendered":"Vorwort zum Heimspiel gegen BW Lohne II am 06.10.2019"},"content":{"rendered":"\n<p>Der Sportverein SW Osterfeine begr\u00fc\u00dft recht herzlich zum heutigen Heimspiel unsere G\u00e4ste aus Lohne, sowie das Schiedsrichtergespann und alle Zuschauer auf unserem Sportplatz am Kl\u00fcnenberg.<\/p>\n<p>Das Wetter in den vergangenen Tagen h\u00e4tte deutlicher nicht demonstrieren k\u00f6nnen, dass wir kalendarisch im Herbst angekommen sind. Gerade f\u00fcr die Fu\u00dfballer beginnt jetzt die Zeit, in der sich der Charakter einer Mannschaft zeigt. Bei Regen und Sturm zum Training zu fahren anstatt in der warmen Stube zu verweilen, kostet sicher an manchen Tagen \u00dcberwindung. Aber gerade diese \u00dcberwindung eines jeden Einzelnen macht eine Mannschaft stark und l\u00e4sst sie erfolgreich sein. Diese Mentalit\u00e4t ben\u00f6tigen unsere Mannschaften um in diesem Jahr noch einige Punkte einzufahren. Gerade f\u00fcr die 2. Herren beginnen nun die \u201eWochen der Wahrheit\u201c. Nachdem gegen die Meisterschaftsfavoriten Langf\u00f6rden und Damme keine \u00dcberraschung gl\u00fccken konnte, stehen nun ganz wichtige Spiele f\u00fcr die Mannschaft an.<\/p>\n<p>Neben dem Fu\u00dfball, den regelm\u00e4\u00dfig mit Spannung geladenen Spielen der Handballer und den gut besuchten \u00dcbungsr\u00e4umen der Fitnessabteilung, stehen in den kommenden Tagen und Wochen aber noch weitere Highlights in unserem Sportverein an.\u00a0\u00a0\u00a0<\/p>\n<p>Der diesj\u00e4hrige D\u00fcmmerlauf des Lauftreffs findet parallel mit dem Redaktionsschluss dieser Zeitung statt. Eine Nachbetrachtung zu dieser regional und \u00fcberregional etablierten Veranstaltung folgt auf unserer Homepage und in dieser Zeitung.<\/p>\n<p>Am Samstag, den 05.10. ab 14:30 Uhr l\u00e4dt die Dartsabteilung zu einem Tag der offenen Dart-T\u00fcr inkl. einem Fu\u00dfball-Dart-Turnier auf dem Sportplatz in R\u00fcschendorf ein. Die Abteilung bietet ein buntes Rahmenprogramm. Auch die abgeschlossenen Umbauma\u00dfnahmen der Dartsabteilung am Sportplatz in R\u00fcschendorf k\u00f6nnen an dem Tag der offenen Dart-T\u00fcr begutachtet werden. Jeder interessierte Besucher ist recht herzlichen willkommen!<\/p>\n<p>In der Woche darauf findet die Boge-Ferienbetreuung statt (07.10. \u2013 11.10.). In den Zeiten von 8:00 bis 16:00 Uhr wird den Kindern ein abwechslungsreiches Spiel- und Sportprogramm, inkl. Mittagessen, geboten.<\/p>\n<p>Am 01.12. findet die erste eFootball-Kreismeisterschaft in Kroge statt. Gespielt wird FIFA 20 auf der Play Station im 2 gegen 2 und auch unser Sportverein wird eine Mannschaft stellen und teilnehmen.<\/p>\n<p>Auch unser diesj\u00e4hriger Sportlerball wirft seine Schatten voraus. Am 02.11. d\u00fcrfen wir alle gespannt darauf sein wer in diesem Jahr die Nachfolge von Jutta Hillmann und Christian Olberding (Ehrenamtspreise 2018), Marion Kalus (Kohlk\u00f6nigin 2018), Maxi St\u00e4rk (Sportler des Jahres 2018), Laura-Sophie B\u00f6ckerstette (Sportlerin des Jahres 2018) und der 2. Herren Fu\u00dfball (Mannschaft des Jahres 2018) antreten wird und wer die tollen Tombola-Preise gewinnen kann.\u00a0\u00a0\u00a0 \u00a0\u00a0<\/p>\n<p>\u00a0<\/p>\n<p>Viel Spa\u00df allen Zuschauern beim heutigen Spiel!<\/p>\n<p>Christian Harpenau<\/p>\n<p>\u00a0<\/p>\n","protected":false},"excerpt":{"rendered":"<p>Der Sportverein SW Osterfeine begr\u00fc\u00dft recht herzlich zum heutigen Heimspiel unsere G\u00e4ste aus Lohne, sowie das Schiedsrichtergespann und alle Zuschauer auf unserem Sportplatz am Kl\u00fcnenberg. Das Wetter in den vergangenen Tagen h\u00e4tte deutlicher nicht demonstrieren k\u00f6nnen, dass wir kalendarisch im Herbst angekommen sind. Gerade f\u00fcr die Fu\u00dfballer beginnt jetzt die Zeit, in der sich der [&hellip;]<\/p>\n","protected":false},"author":3,"featured_media":0,"comment_status":"closed","ping_status":"closed","sticky":false,"template":"","format":"standard","meta":{"footnotes":""},"categories":[3],"tags":[],"_links":{"self":[{"href":"https:\/\/sw-osterfeine.de\/index.php?rest_route=\/wp\/v2\/posts\/25845"}],"collection":[{"href":"https:\/\/sw-osterfeine.de\/index.php?rest_route=\/wp\/v2\/posts"}],"about":[{"href":"https:\/\/sw-osterfeine.de\/index.php?rest_route=\/wp\/v2\/types\/post"}],"author":[{"embeddable":true,"href":"https:\/\/sw-osterfeine.de\/index.php?rest_route=\/wp\/v2\/users\/3"}],"replies":[{"embeddable":true,"href":"https:\/\/sw-osterfeine.de\/index.php?rest_route=%2Fwp%2Fv2%2Fcomments&post=25845"}],"version-history":[{"count":1,"href":"https:\/\/sw-osterfeine.de\/index.php?rest_route=\/wp\/v2\/posts\/25845\/revisions"}],"predecessor-version":[{"id":25846,"href":"https:\/\/sw-osterfeine.de\/index.php?rest_route=\/wp\/v2\/posts\/25845\/revisions\/25846"}],"wp:attachment":[{"href":"https:\/\/sw-osterfeine.de\/index.php?rest_route=%2Fwp%2Fv2%2Fmedia&parent=25845"}],"wp:term":[{"taxonomy":"category","embeddable":true,"href":"https:\/\/sw-osterfeine.de\/index.php?rest_route=%2Fwp%2Fv2%2Fcategories&post=25845"},{"taxonomy":"post_tag","embeddable":true,"href":"https:\/\/sw-osterfeine.de\/index.php?rest_route=%2Fwp%2Fv2%2Ftags&post=25845"}],"curies":[{"name":"wp","href":"https:\/\/api.w.org\/{rel}","templated":true}]}}